{"id":102604,"date":"2025-04-15T13:25:04","date_gmt":"2025-04-15T16:25:04","guid":{"rendered":"https:\/\/tvc16.com\/portal\/?p=102604"},"modified":"2025-04-15T13:25:06","modified_gmt":"2025-04-15T16:25:06","slug":"agita-petropolis-abre-inscricoes-para-aulas-de-taekwondo","status":"publish","type":"post","link":"https:\/\/tvc16.com\/portal\/2025\/04\/15\/agita-petropolis-abre-inscricoes-para-aulas-de-taekwondo\/","title":{"rendered":"Agita Petr\u00f3polis abre inscri\u00e7\u00f5es para aulas de Taekwondo"},"content":{"rendered":"\n<p>Modalidade se une com Jiu-Jitsu e Karat\u00ea e se torna a terceira arte marcial oferecida pelo programa<\/p>\n\n\n\n<p>A Prefeitura, por meio da secretaria de Esportes abriu inscri\u00e7\u00f5es para aulas de Taekwondo. A atividade faz parte do programa Agita Petr\u00f3polis e ir\u00e1 funcionar em dois n\u00facleos: Secretaria de Esportes e F\u00e1brica do Saber.<\/p>\n\n\n\n<p>&#8220;O Agita Petr\u00f3polis \u00e9 um projeto essencial para nossa cidade, um programa onde podemos fomentar esporte para todas as idades e promover pr\u00e1ticas de sa\u00fade e bem-estar&#8221; disse o prefeito Hingo Hammes.<\/p>\n\n\n\n<p>A modalidade \u00e9 a terceira arte marcial que integra o programa Agita Petr\u00f3polis, &#8220;Cada vez mais as artes marciais fazem parte da cultura da cidade. Hoje o nosso Jiu-jitsu j\u00e1 \u00e9 refer\u00eancia estadual, possu\u00edmos diversos atletas nas categorias. Esse \u00e9 um potencial que precisamos abra\u00e7ar e valorizar para que este setor gere cada vez mais frutos para Petr\u00f3polis&#8221; celebra o secret\u00e1rio de Esportes Leandro Kronenberger.<\/p>\n\n\n\n<p>Agita Petr\u00f3polis<\/p>\n\n\n\n<p>O Agita Petr\u00f3polis \u00e9 um programa que foi retomado no in\u00edcio de 2025, com mais de 30 aulas semanais em 10 n\u00facleos espalhados pela cidade, sendo eles: Caxambu, Centro (Secretaria de Esportes), Centro (Inpas), Itamarati, Vicenzo Rivetti, Madame Machado, Pedro do Rio, Posse, Vila S\u00e3o Jos\u00e9 e agora F\u00e1brica do Saber.<\/p>\n\n\n\n<p>Para se inscrever voc\u00ea pode entrar em contato com a secretaria de Esportes pelo telefone (24)22496803 ou diretamente na secretaria.<\/p>\n\n\n\n<p>Aulas de Taekwondo<\/p>\n\n\n\n<ul class=\"wp-block-list\">\n<li>Secretaria de Esportes<\/li>\n\n\n\n<li>Ter\u00e7a-feira: 10h20 \u00e0s 11h20<\/li>\n\n\n\n<li>Quinta-feira: 14h \u00e0s 15h<\/li>\n\n\n\n<li>Sexta-feira: 9h30 \u00e0s 10h30 \/ 14h \u00e0s 15h<\/li>\n\n\n\n<li>F\u00e1brica do Saber<\/li>\n\n\n\n<li>Segunda-feira e quarta-feira: 8h \u00e0s 9h \/ 9h \u00e0s 10h \/ 14h \u00e0s 15h<\/li>\n<\/ul>\n","protected":false},"excerpt":{"rendered":"<p>Modalidade se une com Jiu-Jitsu e Karat\u00ea e se torna a terceira arte marcial oferecida<\/p>\n","protected":false},"author":2,"featured_media":102605,"comment_status":"open","ping_status":"open","sticky":false,"template":"","format":"standard","meta":{"footnotes":""},"categories":[12],"tags":[],"class_list":["post-102604","post","type-post","status-publish","format-standard","has-post-thumbnail","hentry","category-cidade"],"_links":{"self":[{"href":"https:\/\/tvc16.com\/portal\/wp-json\/wp\/v2\/posts\/102604","targetHints":{"allow":["GET"]}}],"collection":[{"href":"https:\/\/tvc16.com\/portal\/wp-json\/wp\/v2\/posts"}],"about":[{"href":"https:\/\/tvc16.com\/portal\/wp-json\/wp\/v2\/types\/post"}],"author":[{"embeddable":true,"href":"https:\/\/tvc16.com\/portal\/wp-json\/wp\/v2\/users\/2"}],"replies":[{"embeddable":true,"href":"https:\/\/tvc16.com\/portal\/wp-json\/wp\/v2\/comments?post=102604"}],"version-history":[{"count":1,"href":"https:\/\/tvc16.com\/portal\/wp-json\/wp\/v2\/posts\/102604\/revisions"}],"predecessor-version":[{"id":102606,"href":"https:\/\/tvc16.com\/portal\/wp-json\/wp\/v2\/posts\/102604\/revisions\/102606"}],"wp:featuredmedia":[{"embeddable":true,"href":"https:\/\/tvc16.com\/portal\/wp-json\/wp\/v2\/media\/102605"}],"wp:attachment":[{"href":"https:\/\/tvc16.com\/portal\/wp-json\/wp\/v2\/media?parent=102604"}],"wp:term":[{"taxonomy":"category","embeddable":true,"href":"https:\/\/tvc16.com\/portal\/wp-json\/wp\/v2\/categories?post=102604"},{"taxonomy":"post_tag","embeddable":true,"href":"https:\/\/tvc16.com\/portal\/wp-json\/wp\/v2\/tags?post=102604"}],"curies":[{"name":"wp","href":"https:\/\/api.w.org\/{rel}","templated":true}]}}