{"id":102607,"date":"2025-04-15T13:29:03","date_gmt":"2025-04-15T16:29:03","guid":{"rendered":"https:\/\/tvc16.com\/portal\/?p=102607"},"modified":"2025-04-15T13:29:04","modified_gmt":"2025-04-15T16:29:04","slug":"aprovados-do-cnu-comecarao-a-ser-convocados-em-maio","status":"publish","type":"post","link":"https:\/\/tvc16.com\/portal\/2025\/04\/15\/aprovados-do-cnu-comecarao-a-ser-convocados-em-maio\/","title":{"rendered":"Aprovados do CNU come\u00e7ar\u00e3o a ser convocados em maio"},"content":{"rendered":"\n<p>Minist\u00e9rio publicar\u00e1 portaria \u00fanica autorizando \u00f3rg\u00e3os a convocarem<\/p>\n\n\n\n<p><strong>Os candidatos aprovados na primeira edi\u00e7\u00e3o do Concurso P\u00fablico Nacional Unificado (CPNU) come\u00e7ar\u00e3o&nbsp;a ser convocados em maio.<\/strong>&nbsp;A previs\u00e3o foi anunciada nesta segunda-feira (15) pelo Minist\u00e9rio da Gest\u00e3o e da Inova\u00e7\u00e3o em Servi\u00e7os P\u00fablicos (MGI), ap\u00f3s&nbsp;<a href=\"https:\/\/agenciabrasil.ebc.com.br\/economia\/noticia\/2025-04\/lula-sanciona-orcamento-de-2025-com-dois-pequenos-vetos\" target=\"_blank\" rel=\"noreferrer noopener\">a san\u00e7\u00e3o da san\u00e7\u00e3o da Lei Or\u00e7ament\u00e1ria Anual (LOA) de 2025, pelo presidente Luiz In\u00e1cio Lula da Silva<\/a>.<img decoding=\"async\" src=\"https:\/\/agenciabrasil.ebc.com.br\/ebc.png?id=1638907&amp;o=node\"><img decoding=\"async\" src=\"https:\/\/agenciabrasil.ebc.com.br\/ebc.gif?id=1638907&amp;o=node\"><\/p>\n\n\n\n<p><strong>O minist\u00e9rio&nbsp;publicar\u00e1 nos pr\u00f3ximos dias uma portaria \u00fanica que autoriza a convoca\u00e7\u00e3o dos aprovados para 4.335 vagas de cargos que n\u00e3o exigem cursos de forma\u00e7\u00e3o dos oito blocos tem\u00e1ticos 1 a 8, de n\u00edvel superior e m\u00e9dio.<\/strong><\/p>\n\n\n\n<p>De acordo com a coordenadora-Geral de Concursos e Provimento do MGI, Queila C\u00e2ndida Ferreira Morais, a futura portaria do MGI permitir\u00e1 que os aprovados sejam nomeados mais rapidamente. \u201cEssa autoriza\u00e7\u00e3o \u00fanica para provimento d\u00e1 celeridade ao tr\u00e2mite e permite que os \u00f3rg\u00e3os iniciem a convoca\u00e7\u00e3o de forma mais coordenada\u201d, afirmou em nota.<\/p>\n\n\n\n<p><strong>A partir desta autoriza\u00e7\u00e3o, o passo seguinte ser\u00e1 dado pelos 16 \u00f3rg\u00e3os e entidades federais participantes do certame, que dever\u00e3o publicar os pr\u00f3prios atos de nomea\u00e7\u00e3o para dar posse aos aprovados.<\/strong><\/p>\n\n\n\n<p>A portaria autoriza o provimento de vagas do chamado&nbsp;Enem dos Concursos&nbsp;dos seguintes \u00f3rg\u00e3os:<\/p>\n\n\n\n<ul class=\"wp-block-list\">\n<li><strong>Minist\u00e9rio da Gest\u00e3o e da Inova\u00e7\u00e3o em Servi\u00e7os P\u00fablicos (MGI);<\/strong><\/li>\n\n\n\n<li><strong>Minist\u00e9rio do Desenvolvimento, Ind\u00fastria, Com\u00e9rcio e Servi\u00e7os (Mdic);<\/strong><\/li>\n\n\n\n<li><strong>Minist\u00e9rio da Agricultura e Pecu\u00e1ria (Mapa);<\/strong><\/li>\n\n\n\n<li><strong>Instituto Nacional de Meteorologia (Inmet);<\/strong><\/li>\n\n\n\n<li><strong>Instituto Nacional de Coloniza\u00e7\u00e3o e Reforma Agr\u00e1ria (Incra);<\/strong><\/li>\n\n\n\n<li><strong>Minist\u00e9rio da Ci\u00eancia, Tecnologia e Inova\u00e7\u00e3o (MCTI);<\/strong><\/li>\n\n\n\n<li><strong>Instituto Nacional de Estudos e Pesquisas Educacionais An\u00edsio Teixeira (Inep);<\/strong><\/li>\n\n\n\n<li><strong>Funda\u00e7\u00e3o Nacional dos Povos Ind\u00edgenas (FUNAI);<\/strong><\/li>\n\n\n\n<li><strong>Minist\u00e9rio da Sa\u00fade (MS);<\/strong><\/li>\n\n\n\n<li><strong>Minist\u00e9rio da Justi\u00e7a e Seguran\u00e7a P\u00fablica (MJSP);<\/strong><\/li>\n\n\n\n<li><strong>Superintend\u00eancia Nacional de Previd\u00eancia Complementar (Previc);<\/strong><\/li>\n\n\n\n<li><strong>Instituto Brasileiro de Geografia e Estat\u00edstica (IBGE);<\/strong><\/li>\n\n\n\n<li><strong>Advocacia-Geral da Uni\u00e3o (AGU);<\/strong><\/li>\n\n\n\n<li><strong>Minist\u00e9rio dos Povos Ind\u00edgenas (MPI);<\/strong><\/li>\n\n\n\n<li><strong>Minist\u00e9rio do Planejamento e Or\u00e7amento (MPO);<\/strong><\/li>\n\n\n\n<li><strong>Minist\u00e9rio da Cultura (MinC).<\/strong><\/li>\n<\/ul>\n\n\n\n<p>De acordo com a coordenadora, a documenta\u00e7\u00e3o t\u00e9cnica necess\u00e1ria para autoriza\u00e7\u00e3o da convoca\u00e7\u00e3o dos 4.335 aprovados para vagas j\u00e1 foi enviada ao Minist\u00e9rio do Planejamento e Or\u00e7amento (MPO) para confirma\u00e7\u00e3o de disponibilidade de recursos do or\u00e7amento da Uni\u00e3o para a nomea\u00e7\u00e3o dos aprovados.<\/p>\n\n\n\n<h2 class=\"wp-block-heading\">Maior concurso do pa\u00eds<\/h2>\n\n\n\n<p>O Concurso P\u00fablico Nacional Unificado (CPNU) \u00e9 considerado o maior processo seletivo realizado no pa\u00eds, com aplica\u00e7\u00e3o de provas em 218 cidades. O certame atraiu 2,1 milh\u00f5es de inscritos confirmados que concorreram a 6.640 vagas em 21 \u00f3rg\u00e3os p\u00fablicos.<\/p>\n\n\n\n<p>Em 28 de fevereiro, o MGI publicou a&nbsp;<a href=\"https:\/\/agenciabrasil.ebc.com.br\/geral\/noticia\/2025-02\/governo-divulga-lista-final-de-aprovados-no-cnu-veja-como-acessar\" target=\"_blank\" rel=\"noreferrer noopener\">lista definitiva de classifica\u00e7\u00e3o para todos os cargos<\/a>&nbsp;e, ainda, a lista definitiva dos convocados para matr\u00edcula nos cursos de forma\u00e7\u00e3o,&nbsp;que j\u00e1 est\u00e3o em andamento.&nbsp;<\/p>\n","protected":false},"excerpt":{"rendered":"<p>Minist\u00e9rio publicar\u00e1 portaria \u00fanica autorizando \u00f3rg\u00e3os a convocarem Os candidatos aprovados na primeira edi\u00e7\u00e3o do<\/p>\n","protected":false},"author":2,"featured_media":102608,"comment_status":"open","ping_status":"open","sticky":false,"template":"","format":"standard","meta":{"footnotes":""},"categories":[17],"tags":[],"class_list":["post-102607","post","type-post","status-publish","format-standard","has-post-thumbnail","hentry","category-outras-noticias"],"_links":{"self":[{"href":"https:\/\/tvc16.com\/portal\/wp-json\/wp\/v2\/posts\/102607","targetHints":{"allow":["GET"]}}],"collection":[{"href":"https:\/\/tvc16.com\/portal\/wp-json\/wp\/v2\/posts"}],"about":[{"href":"https:\/\/tvc16.com\/portal\/wp-json\/wp\/v2\/types\/post"}],"author":[{"embeddable":true,"href":"https:\/\/tvc16.com\/portal\/wp-json\/wp\/v2\/users\/2"}],"replies":[{"embeddable":true,"href":"https:\/\/tvc16.com\/portal\/wp-json\/wp\/v2\/comments?post=102607"}],"version-history":[{"count":1,"href":"https:\/\/tvc16.com\/portal\/wp-json\/wp\/v2\/posts\/102607\/revisions"}],"predecessor-version":[{"id":102609,"href":"https:\/\/tvc16.com\/portal\/wp-json\/wp\/v2\/posts\/102607\/revisions\/102609"}],"wp:featuredmedia":[{"embeddable":true,"href":"https:\/\/tvc16.com\/portal\/wp-json\/wp\/v2\/media\/102608"}],"wp:attachment":[{"href":"https:\/\/tvc16.com\/portal\/wp-json\/wp\/v2\/media?parent=102607"}],"wp:term":[{"taxonomy":"category","embeddable":true,"href":"https:\/\/tvc16.com\/portal\/wp-json\/wp\/v2\/categories?post=102607"},{"taxonomy":"post_tag","embeddable":true,"href":"https:\/\/tvc16.com\/portal\/wp-json\/wp\/v2\/tags?post=102607"}],"curies":[{"name":"wp","href":"https:\/\/api.w.org\/{rel}","templated":true}]}}