{"id":102613,"date":"2025-04-15T14:03:36","date_gmt":"2025-04-15T17:03:36","guid":{"rendered":"https:\/\/tvc16.com\/portal\/?p=102613"},"modified":"2025-04-15T14:03:38","modified_gmt":"2025-04-15T17:03:38","slug":"unifase-fmp-participa-de-debates-sobre-interiorizacao-da-educacao-medica-no-9o-congresso-carioca-e-capixaba","status":"publish","type":"post","link":"https:\/\/tvc16.com\/portal\/2025\/04\/15\/unifase-fmp-participa-de-debates-sobre-interiorizacao-da-educacao-medica-no-9o-congresso-carioca-e-capixaba\/","title":{"rendered":"UNIFASE\/FMP participa de debates sobre interioriza\u00e7\u00e3o da educa\u00e7\u00e3o m\u00e9dica no 9\u00ba Congresso Carioca e Capixaba"},"content":{"rendered":"\n<p>A UNIFASE\/FMP participou do 9\u00ba Congresso Carioca e Capixaba de Educa\u00e7\u00e3o M\u00e9dica da Associa\u00e7\u00e3o Brasileira de Educa\u00e7\u00e3o M\u00e9dica &#8211; ABEM, realizado entre os dias 10 e 12 de abril, na cidade de Campos dos Goytacazes, no Rio de Janeiro. A comitiva da institui\u00e7\u00e3o foi composta por sete docentes que participaram ativamente das atividades, levando a experi\u00eancia da institui\u00e7\u00e3o e fortalecendo seu compromisso com a inova\u00e7\u00e3o e qualidade no ensino m\u00e9dico.<\/p>\n\n\n\n<p>Com o tema central &#8220;Expans\u00e3o da Educa\u00e7\u00e3o M\u00e9dica: Potencialidades da Interioriza\u00e7\u00e3o&#8221;, o congresso abordou os desafios e oportunidades de levar o ensino m\u00e9dico para al\u00e9m dos grandes centros urbanos.<\/p>\n\n\n\n<p>Pela primeira vez sediado no munic\u00edpio, o evento reuniu representantes das regi\u00f5es do Rio de Janeiro e do Esp\u00edrito Santo, promovendo um importante espa\u00e7o de trocas e reflex\u00f5es sobre a forma\u00e7\u00e3o em sa\u00fade.<\/p>\n\n\n\n<p>A participa\u00e7\u00e3o ativa da UNIFASE\/FMP reafirma o seu protagonismo na discuss\u00e3o sobre a interioriza\u00e7\u00e3o da educa\u00e7\u00e3o m\u00e9dica, contribuindo para o fortalecimento da forma\u00e7\u00e3o de profissionais comprometidos com a realidade local e com a melhoria da assist\u00eancia \u00e0 sa\u00fade da popula\u00e7\u00e3o.<\/p>\n","protected":false},"excerpt":{"rendered":"<p>A UNIFASE\/FMP participou do 9\u00ba Congresso Carioca e Capixaba de Educa\u00e7\u00e3o M\u00e9dica da Associa\u00e7\u00e3o Brasileira<\/p>\n","protected":false},"author":2,"featured_media":102614,"comment_status":"open","ping_status":"open","sticky":false,"template":"","format":"standard","meta":{"footnotes":""},"categories":[12],"tags":[],"class_list":["post-102613","post","type-post","status-publish","format-standard","has-post-thumbnail","hentry","category-cidade"],"_links":{"self":[{"href":"https:\/\/tvc16.com\/portal\/wp-json\/wp\/v2\/posts\/102613","targetHints":{"allow":["GET"]}}],"collection":[{"href":"https:\/\/tvc16.com\/portal\/wp-json\/wp\/v2\/posts"}],"about":[{"href":"https:\/\/tvc16.com\/portal\/wp-json\/wp\/v2\/types\/post"}],"author":[{"embeddable":true,"href":"https:\/\/tvc16.com\/portal\/wp-json\/wp\/v2\/users\/2"}],"replies":[{"embeddable":true,"href":"https:\/\/tvc16.com\/portal\/wp-json\/wp\/v2\/comments?post=102613"}],"version-history":[{"count":1,"href":"https:\/\/tvc16.com\/portal\/wp-json\/wp\/v2\/posts\/102613\/revisions"}],"predecessor-version":[{"id":102615,"href":"https:\/\/tvc16.com\/portal\/wp-json\/wp\/v2\/posts\/102613\/revisions\/102615"}],"wp:featuredmedia":[{"embeddable":true,"href":"https:\/\/tvc16.com\/portal\/wp-json\/wp\/v2\/media\/102614"}],"wp:attachment":[{"href":"https:\/\/tvc16.com\/portal\/wp-json\/wp\/v2\/media?parent=102613"}],"wp:term":[{"taxonomy":"category","embeddable":true,"href":"https:\/\/tvc16.com\/portal\/wp-json\/wp\/v2\/categories?post=102613"},{"taxonomy":"post_tag","embeddable":true,"href":"https:\/\/tvc16.com\/portal\/wp-json\/wp\/v2\/tags?post=102613"}],"curies":[{"name":"wp","href":"https:\/\/api.w.org\/{rel}","templated":true}]}}