{"id":102627,"date":"2025-04-16T08:26:07","date_gmt":"2025-04-16T11:26:07","guid":{"rendered":"https:\/\/tvc16.com\/portal\/?p=102627"},"modified":"2025-04-16T08:27:07","modified_gmt":"2025-04-16T11:27:07","slug":"feira-do-pescado-comeca-nesta-quarta-16-e-segue-ate-sexta-18-em-petropolis","status":"publish","type":"post","link":"https:\/\/tvc16.com\/portal\/2025\/04\/16\/feira-do-pescado-comeca-nesta-quarta-16-e-segue-ate-sexta-18-em-petropolis\/","title":{"rendered":"Feira do Pescado come\u00e7a nesta quarta (16) e segue at\u00e9 sexta (18) em Petr\u00f3polis"},"content":{"rendered":"\n<p><em>Foto: Raphaela Cordeiro<\/em><br><\/p>\n\n\n\n<p>A tradicional feira do Pescado come\u00e7a nesta quarta-feira (16), \u00e0s 12h. Ser\u00e3o tr\u00eas dias de feira com expectativa de comercializar mais de 60 toneladas de pescado. O evento come\u00e7a na quarta-feira (16) e segue at\u00e9 sexta-feira (18).<\/p>\n\n\n\n<p>\u201c\u00c9 um orgulho para nossa cidade manter essa tradi\u00e7\u00e3o. \u00c9 um evento que faz parte do cronograma do petropolitano a mais de 30 anos e vamos continuar trabalhando para seguir com esse evento t\u00e3o importante para nossa cidade\u201d, disse o prefeito Hingo Hammes.<\/p>\n\n\n\n<p>A Prefeitura realiza um trabalho em conjunto dos feirantes para realiza\u00e7\u00e3o da feira. A COMDEP, CPTrans e as secretarias de Desenvolvimento Econ\u00f4mico e Sa\u00fade, promovem reuni\u00e3o com os feirantes para definir organiza\u00e7\u00e3o das barracas, defini\u00e7\u00e3o de a\u00e7\u00f5es de tr\u00e2nsito e vigil\u00e2ncia sanit\u00e1ria. \u201cO trabalho em conjunto \u00e9 fundamental para a realiza\u00e7\u00e3o desses eventos. Buscamos dialogar com anteced\u00eancia com todos os \u00f3rg\u00e3os para que o evento acontecesse atendendo a expectativa dos comerciantes e do p\u00fablico\u201d, disse o secret\u00e1rio de Desenvolvimento Econ\u00f4mico Samir El Ghaoui.<\/p>\n\n\n\n<p>Ser\u00e3o mais de 30 horas de feira durante os tr\u00eas dias, a expectativa \u00e9 de que mais de 60 toneladas de pescado sejam comercializados em 24 barracas, \u201cEssa \u00e9 uma feira tradicional do feriad\u00e3o de P\u00e1scoa e estamos ansiosos para que nosso trabalho d\u00ea frutos para os feirantes, e fa\u00e7a mais uma vez parte das tradi\u00e7\u00f5es das fam\u00edlias de Petr\u00f3polis\u201d, celebra a presidente da COMDEP Fernanda Ferreira.<\/p>\n\n\n\n<p><strong>Funcionamento<\/strong><\/p>\n\n\n\n<p>Rua Visconde Souza Franco<br>Quarta-feira (16) &#8211; 12h \u00e0s 22h<br>Quinta-feira (17) &#8211; 8h \u00e0s 22h<br>Sexta-feira (18) &#8211; 8h \u00e0s 14h<\/p>\n","protected":false},"excerpt":{"rendered":"<p>Foto: Raphaela Cordeiro A tradicional feira do Pescado come\u00e7a nesta quarta-feira (16), \u00e0s 12h. Ser\u00e3o<\/p>\n","protected":false},"author":2,"featured_media":102628,"comment_status":"open","ping_status":"open","sticky":false,"template":"","format":"standard","meta":{"footnotes":""},"categories":[12],"tags":[],"class_list":["post-102627","post","type-post","status-publish","format-standard","has-post-thumbnail","hentry","category-cidade"],"_links":{"self":[{"href":"https:\/\/tvc16.com\/portal\/wp-json\/wp\/v2\/posts\/102627","targetHints":{"allow":["GET"]}}],"collection":[{"href":"https:\/\/tvc16.com\/portal\/wp-json\/wp\/v2\/posts"}],"about":[{"href":"https:\/\/tvc16.com\/portal\/wp-json\/wp\/v2\/types\/post"}],"author":[{"embeddable":true,"href":"https:\/\/tvc16.com\/portal\/wp-json\/wp\/v2\/users\/2"}],"replies":[{"embeddable":true,"href":"https:\/\/tvc16.com\/portal\/wp-json\/wp\/v2\/comments?post=102627"}],"version-history":[{"count":1,"href":"https:\/\/tvc16.com\/portal\/wp-json\/wp\/v2\/posts\/102627\/revisions"}],"predecessor-version":[{"id":102629,"href":"https:\/\/tvc16.com\/portal\/wp-json\/wp\/v2\/posts\/102627\/revisions\/102629"}],"wp:featuredmedia":[{"embeddable":true,"href":"https:\/\/tvc16.com\/portal\/wp-json\/wp\/v2\/media\/102628"}],"wp:attachment":[{"href":"https:\/\/tvc16.com\/portal\/wp-json\/wp\/v2\/media?parent=102627"}],"wp:term":[{"taxonomy":"category","embeddable":true,"href":"https:\/\/tvc16.com\/portal\/wp-json\/wp\/v2\/categories?post=102627"},{"taxonomy":"post_tag","embeddable":true,"href":"https:\/\/tvc16.com\/portal\/wp-json\/wp\/v2\/tags?post=102627"}],"curies":[{"name":"wp","href":"https:\/\/api.w.org\/{rel}","templated":true}]}}