{"id":102630,"date":"2025-04-16T08:32:02","date_gmt":"2025-04-16T11:32:02","guid":{"rendered":"https:\/\/tvc16.com\/portal\/?p=102630"},"modified":"2025-04-16T08:32:05","modified_gmt":"2025-04-16T11:32:05","slug":"brasil-reduz-70-da-area-queimada-no-primeiro-trimestre-de-2025","status":"publish","type":"post","link":"https:\/\/tvc16.com\/portal\/2025\/04\/16\/brasil-reduz-70-da-area-queimada-no-primeiro-trimestre-de-2025\/","title":{"rendered":"Brasil reduz 70% da \u00e1rea queimada no primeiro trimestre de 2025"},"content":{"rendered":"\n<p><em>Do total das \u00e1reas queimadas, 78% s\u00e3o\u00a0de vegeta\u00e7\u00e3o nativa<\/em><\/p>\n\n\n\n<p>Por Fab\u00edola Sinimb\u00fa &#8211; Rep\u00f3rter da Ag\u00eancia Brasil \/  Foto: Ag\u00eancia Santar\u00e9m.<\/p>\n\n\n\n<p><\/p>\n\n\n\n<p>Nos tr\u00eas primeiros meses de 2025, a extens\u00e3o de todas as \u00e1reas atingidas por queimadas no pa\u00eds somou 912,9 mil hectares. Na compara\u00e7\u00e3o com o mesmo per\u00edodo do ano anterior, quando foram registrados 2,1 milh\u00f5es de hectares, houve uma redu\u00e7\u00e3o de 70% no territ\u00f3rio nacional atingido pelo fogo.<img decoding=\"async\" src=\"https:\/\/agenciabrasil.ebc.com.br\/ebc.png?id=1639070&amp;o=node\"><img decoding=\"async\" src=\"https:\/\/agenciabrasil.ebc.com.br\/ebc.gif?id=1639070&amp;o=node\"><\/p>\n\n\n\n<p>Do total das \u00e1reas queimadas 78% s\u00e3o&nbsp;de vegeta\u00e7\u00e3o nativa, sendo que 43% do que foi consumido pelo fogo eram de forma\u00e7\u00e3o campestre<strong>.<\/strong><\/p>\n\n\n\n<p><strong>Entre os estados brasileiros, Roraima foi o que mais queimou nesses tr\u00eas meses, somando 415,7 mil hectares. O Par\u00e1 foi o segundo mais atingido, com 208,6 mil hectares queimados e o Maranh\u00e3o perdeu 123,8 mil hectares para o fogo, sendo o terceiro na lista. Entre as cidades, Pacaraima e Normandia, ambas em Roraima, foram as mais afetadas, com 121,5 mil e 119,1 mil hectares, respectivamente.<\/strong><\/p>\n\n\n\n<p>Segundo o pesquisador do Instituto de Pesquisa Ambiental da Amaz\u00f4nia (Ipam)&nbsp;Felipe Martenexen, Roraima vivencia sua esta\u00e7\u00e3o seca no in\u00edcio do ano, o que torna o estado particularmente vulner\u00e1vel \u00e0s queimadas nesse per\u00edodo. \u201cOs dados do primeiro trimestre de 2025 refletem essa sazonalidade clim\u00e1tica, com Roraima despontando como o principal foco de fogo no pa\u00eds\u201d, explica<\/p>\n\n\n\n<p>Os n\u00fameros foram divulgados nesta quarta-feira (16)&nbsp;e s\u00e3o do Monitor do Fogo, uma ferramenta do MapBiomas que utiliza imagens de sat\u00e9lite para mapear cicatrizes de fogo em todo o pa\u00eds.<\/p>\n\n\n\n<blockquote class=\"wp-block-quote is-layout-flow wp-block-quote-is-layout-flow\">\n<p>\u201cA ocorr\u00eancia do per\u00edodo de chuvas contribui para essa diminui\u00e7\u00e3o das queimadas. No entanto, o Cerrado se destacou com a maior \u00e1rea queimada no primeiro trimestre em compara\u00e7\u00e3o aos \u00faltimos anos, o que refor\u00e7a a necessidade de estrat\u00e9gias espec\u00edficas de preven\u00e7\u00e3o e combate ao fogo de cada bioma\u201d, alerta a pesquisadora do Mapbiomas Fogo, Vera Arruda.<\/p>\n<\/blockquote>\n\n\n\n<h2 class=\"wp-block-heading\">Biomas<\/h2>\n\n\n\n<p><strong>Entre janeiro e mar\u00e7o de 2025, o Cerrado teve aumento de 12% em rela\u00e7\u00e3o ao mesmo per\u00edodo do ano anterior, Foram 91,7 mil hectares queimados, ficando 106% acima da m\u00e9dia hist\u00f3rica desde 2019.<\/strong><\/p>\n\n\n\n<p>Tamb\u00e9m cresceram em \u00e1rea atingida pelo fogo a&nbsp;Mata Atl\u00e2ntica e o Pampa. Em rela\u00e7\u00e3o a 2024, as \u00e1reas queimadas aumentaram 7% e 1,4%, respectivamente. Enquanto a Mata Atl\u00e2ntica teve 18,8 mil hectares atingidos, o Pampa teve 6,6 mil hectares queimados.<\/p>\n\n\n\n<p>A Amaz\u00f4nia, apesar de ter registrado&nbsp;queda de 72% na \u00e1rea queimada em rela\u00e7\u00e3o aos tr\u00eas primeiros meses de 2024, foi o bioma mais atingido em extens\u00e3o no mesmo per\u00edodo de 2025. Foram 774 mil hectares queimados, representando 78% do total nacional.<\/p>\n\n\n\n<blockquote class=\"wp-block-quote is-layout-flow wp-block-quote-is-layout-flow\">\n<p>\u201c\u00c9 importante entendermos que a esta\u00e7\u00e3o seca de 2025, que se aproxima, possivelmente ainda ser\u00e1 forte, o que pode reverter essa condi\u00e7\u00e3o de redu\u00e7\u00e3o\u201d diz a diretora de Ci\u00eancia do Ipam e coordenadora do Mapbiomas Fogo.<\/p>\n<\/blockquote>\n\n\n\n<p>O Pantanal e a Caatinga tamb\u00e9m observaram redu\u00e7\u00e3o nas suas \u00e1reas queimadas durante os tr\u00eas primeiros meses de 2025. Eles tiveram, respectivamente, 10,9 e 10 mil hectares atingidos pelo fogo, que representaram redu\u00e7\u00f5es de 86% e 8% em rela\u00e7\u00e3o ao mesmo per\u00edodo de 2024,<\/p>\n\n\n\n<h2 class=\"wp-block-heading\">Mar\u00e7o<\/h2>\n\n\n\n<p><strong>No \u00faltimo m\u00eas do primeiro trimestre deste ano, o fogo alcan\u00e7ou 106,6 mil hectares do pa\u00eds, o equivalente a 10% da \u00e1rea total queimada nos meses analisados. Na compara\u00e7\u00e3o com mar\u00e7o de 2024, foram 674,9 mil hectares a menos queimados, o que representa&nbsp;redu\u00e7\u00e3o de 86%.<\/strong><\/p>\n\n\n\n<p>Do total no m\u00eas, a Amaz\u00f4nia queimou 55,1 mil hectares; o Cerrado, 37,8 mil hectares, a Caatinga 2,2 mil hectares, Mata Atl\u00e2ntica, 9,2 mil hectares, o Pampa 1,5 mil hectares e o Pantanal, 561 hectares.<br><\/p>\n","protected":false},"excerpt":{"rendered":"<p>Do total das \u00e1reas queimadas, 78% s\u00e3o\u00a0de vegeta\u00e7\u00e3o nativa Por Fab\u00edola Sinimb\u00fa &#8211; Rep\u00f3rter da<\/p>\n","protected":false},"author":2,"featured_media":102631,"comment_status":"open","ping_status":"open","sticky":false,"template":"","format":"standard","meta":{"footnotes":""},"categories":[17],"tags":[],"class_list":["post-102630","post","type-post","status-publish","format-standard","has-post-thumbnail","hentry","category-outras-noticias"],"_links":{"self":[{"href":"https:\/\/tvc16.com\/portal\/wp-json\/wp\/v2\/posts\/102630","targetHints":{"allow":["GET"]}}],"collection":[{"href":"https:\/\/tvc16.com\/portal\/wp-json\/wp\/v2\/posts"}],"about":[{"href":"https:\/\/tvc16.com\/portal\/wp-json\/wp\/v2\/types\/post"}],"author":[{"embeddable":true,"href":"https:\/\/tvc16.com\/portal\/wp-json\/wp\/v2\/users\/2"}],"replies":[{"embeddable":true,"href":"https:\/\/tvc16.com\/portal\/wp-json\/wp\/v2\/comments?post=102630"}],"version-history":[{"count":1,"href":"https:\/\/tvc16.com\/portal\/wp-json\/wp\/v2\/posts\/102630\/revisions"}],"predecessor-version":[{"id":102632,"href":"https:\/\/tvc16.com\/portal\/wp-json\/wp\/v2\/posts\/102630\/revisions\/102632"}],"wp:featuredmedia":[{"embeddable":true,"href":"https:\/\/tvc16.com\/portal\/wp-json\/wp\/v2\/media\/102631"}],"wp:attachment":[{"href":"https:\/\/tvc16.com\/portal\/wp-json\/wp\/v2\/media?parent=102630"}],"wp:term":[{"taxonomy":"category","embeddable":true,"href":"https:\/\/tvc16.com\/portal\/wp-json\/wp\/v2\/categories?post=102630"},{"taxonomy":"post_tag","embeddable":true,"href":"https:\/\/tvc16.com\/portal\/wp-json\/wp\/v2\/tags?post=102630"}],"curies":[{"name":"wp","href":"https:\/\/api.w.org\/{rel}","templated":true}]}}