{"id":102633,"date":"2025-04-16T08:36:34","date_gmt":"2025-04-16T11:36:34","guid":{"rendered":"https:\/\/tvc16.com\/portal\/?p=102633"},"modified":"2025-04-16T08:36:38","modified_gmt":"2025-04-16T11:36:38","slug":"homem-de-70-anos-e-preso-no-rio-por-comercializar-simbolos-nazistas","status":"publish","type":"post","link":"https:\/\/tvc16.com\/portal\/2025\/04\/16\/homem-de-70-anos-e-preso-no-rio-por-comercializar-simbolos-nazistas\/","title":{"rendered":"Homem de 70 anos \u00e9 preso no Rio por comercializar s\u00edmbolos nazistas"},"content":{"rendered":"\n<p><em>Opera\u00e7\u00e3o Lembran\u00e7a Ingrata foi deflagrada pela Pol\u00edcia Federal<\/em><\/p>\n\n\n\n<p>Por Douglas Corr\u00eaa &#8211; Rep\u00f3rter da Ag\u00eancia Brasil \/ Foto: Pol\u00edcia civil-RJ<\/p>\n\n\n\n<p><\/p>\n\n\n\n<p>Um homem&nbsp;de 70 anos, que n\u00e3o teve a identidade divulgada, foi preso nessa ter\u00e7a-feira&nbsp;(15) pela Pol\u00edcia Federal (PF) por comercializar, pela internet, objetos contendo s\u00edmbolos nazistas. A Opera\u00e7\u00e3o Lembran\u00e7a Ingrata teve a finalidade de apurar a pr\u00e1tica do crime de apologia ao nazismo.<img decoding=\"async\" src=\"https:\/\/agenciabrasil.ebc.com.br\/ebc.png?id=1639068&amp;o=node\"><img decoding=\"async\" src=\"https:\/\/agenciabrasil.ebc.com.br\/ebc.gif?id=1639068&amp;o=node\"><\/p>\n\n\n\n<p>Os agentes federais da Delegacia de Repress\u00e3o a Crimes Cibern\u00e9ticos (Deleciber)) cumpriram um mandado de busca e apreens\u00e3o na resid\u00eancia do investigado, no bairro de Botafogo, zona sul do Rio. O mandado judicial foi expedido pela 8\u00aa Vara Criminal Federal do Rio de Janeiro.<\/p>\n\n\n\n<p><strong>A investiga\u00e7\u00e3o teve in\u00edcio ap\u00f3s uma organiza\u00e7\u00e3o n\u00e3o governamental (ONG) abrir not\u00edcia-crime sobre a exist\u00eancia de uma p\u00e1gina na internet, pela qual o investigado vinha comercializando emblemas, ornamentos, distintivos, bandeiras, revistas, uniformes e outros objetos contendo a cruz su\u00e1stica ou gamada, para divulga\u00e7\u00e3o do nazismo.<\/strong><\/p>\n\n\n\n<p>Em nota, a PF informou que, ap\u00f3s an\u00e1lise de dados digitais e outras dilig\u00eancias que resultaram na identifica\u00e7\u00e3o do alvo da opera\u00e7\u00e3o, confirmou que o homem seguia comercializando os produtos com apologia ao nazismo.<\/p>\n\n\n\n<p><strong>A Pol\u00edcia Federal&nbsp;informou ainda que durante o cumprimento do mandado, os policiais federais &#8220;apreenderam na resid\u00eancia do investigado bandeira, revistas, breves e moedas com a cruz su\u00e1stica, o que resultou na sua pris\u00e3o em flagrante&#8221;. Ele responder\u00e1 pelo crime de apologia ao nazismo, com pena, caso condenado, de cinco anos de reclus\u00e3o, al\u00e9m de multa.<\/strong><br><\/p>\n","protected":false},"excerpt":{"rendered":"<p>Opera\u00e7\u00e3o Lembran\u00e7a Ingrata foi deflagrada pela Pol\u00edcia Federal Por Douglas Corr\u00eaa &#8211; Rep\u00f3rter da Ag\u00eancia<\/p>\n","protected":false},"author":2,"featured_media":102634,"comment_status":"open","ping_status":"open","sticky":false,"template":"","format":"standard","meta":{"footnotes":""},"categories":[17],"tags":[],"class_list":["post-102633","post","type-post","status-publish","format-standard","has-post-thumbnail","hentry","category-outras-noticias"],"_links":{"self":[{"href":"https:\/\/tvc16.com\/portal\/wp-json\/wp\/v2\/posts\/102633","targetHints":{"allow":["GET"]}}],"collection":[{"href":"https:\/\/tvc16.com\/portal\/wp-json\/wp\/v2\/posts"}],"about":[{"href":"https:\/\/tvc16.com\/portal\/wp-json\/wp\/v2\/types\/post"}],"author":[{"embeddable":true,"href":"https:\/\/tvc16.com\/portal\/wp-json\/wp\/v2\/users\/2"}],"replies":[{"embeddable":true,"href":"https:\/\/tvc16.com\/portal\/wp-json\/wp\/v2\/comments?post=102633"}],"version-history":[{"count":1,"href":"https:\/\/tvc16.com\/portal\/wp-json\/wp\/v2\/posts\/102633\/revisions"}],"predecessor-version":[{"id":102635,"href":"https:\/\/tvc16.com\/portal\/wp-json\/wp\/v2\/posts\/102633\/revisions\/102635"}],"wp:featuredmedia":[{"embeddable":true,"href":"https:\/\/tvc16.com\/portal\/wp-json\/wp\/v2\/media\/102634"}],"wp:attachment":[{"href":"https:\/\/tvc16.com\/portal\/wp-json\/wp\/v2\/media?parent=102633"}],"wp:term":[{"taxonomy":"category","embeddable":true,"href":"https:\/\/tvc16.com\/portal\/wp-json\/wp\/v2\/categories?post=102633"},{"taxonomy":"post_tag","embeddable":true,"href":"https:\/\/tvc16.com\/portal\/wp-json\/wp\/v2\/tags?post=102633"}],"curies":[{"name":"wp","href":"https:\/\/api.w.org\/{rel}","templated":true}]}}