{"id":102636,"date":"2025-04-16T08:38:50","date_gmt":"2025-04-16T11:38:50","guid":{"rendered":"https:\/\/tvc16.com\/portal\/?p=102636"},"modified":"2025-04-16T08:38:53","modified_gmt":"2025-04-16T11:38:53","slug":"caixa-paga-bolsa-familia-a-beneficiarios-com-nis-de-final-2-9","status":"publish","type":"post","link":"https:\/\/tvc16.com\/portal\/2025\/04\/16\/caixa-paga-bolsa-familia-a-beneficiarios-com-nis-de-final-2-9\/","title":{"rendered":"Caixa paga Bolsa Fam\u00edlia a benefici\u00e1rios com NIS de final 2"},"content":{"rendered":"\n<p><em>Com adicionais, valor m\u00e9dio do benef\u00edcio est\u00e1 em R$ 668,73<\/em><\/p>\n\n\n\n<p>Por Ag\u00eancia Brasil \/ Foto: Lyon Santos\/ MDS<\/p>\n\n\n\n<p><\/p>\n\n\n\n<p><strong>A Caixa Econ\u00f4mica Federal paga nesta quarta-feira (16) a&nbsp;<a href=\"https:\/\/agenciabrasil.ebc.com.br\/direitos-humanos\/noticia\/2025-04\/caixa-comeca-pagar-bolsa-familia-de-abril\">parcela de abril do novo Bolsa Fam\u00edlia<\/a>&nbsp;aos benefici\u00e1rios com N\u00famero de Inscri\u00e7\u00e3o Social (NIS) de final 2.<\/strong><img decoding=\"async\" src=\"https:\/\/agenciabrasil.ebc.com.br\/ebc.png?id=1639003&amp;o=node\"><img decoding=\"async\" src=\"https:\/\/agenciabrasil.ebc.com.br\/ebc.gif?id=1639003&amp;o=node\"><\/p>\n\n\n\n<p><strong>O valor m\u00ednimo corresponde a R$ 600, mas com o novo adicional o valor m\u00e9dio do benef\u00edcio sobe para R$ 668,73.&nbsp;<\/strong>Segundo o Minist\u00e9rio do Desenvolvimento e Assist\u00eancia Social, neste m\u00eas o programa de transfer\u00eancia de renda do Governo Federal alcan\u00e7ar\u00e1 20,48 milh\u00f5es de fam\u00edlias, com gasto de R$ 13,66 bilh\u00f5es.<\/p>\n\n\n\n<p><strong>Al\u00e9m do benef\u00edcio m\u00ednimo, h\u00e1 o pagamento de tr\u00eas adicionais:<\/strong><\/p>\n\n\n\n<ul class=\"wp-block-list\">\n<li>O Benef\u00edcio Vari\u00e1vel Familiar Nutriz paga seis parcelas de R$ 50 a m\u00e3es de beb\u00eas de at\u00e9 seis meses de idade, para garantir a alimenta\u00e7\u00e3o da crian\u00e7a.<\/li>\n\n\n\n<li>Acr\u00e9scimo de R$ 50 a fam\u00edlias com gestantes e filhos de 7 a 18 anos<\/li>\n\n\n\n<li>Acr\u00e9scimo de R$ 150\u00a0a fam\u00edlias com crian\u00e7as de at\u00e9 6 anos<\/li>\n<\/ul>\n\n\n\n<p>No modelo tradicional do Bolsa Fam\u00edlia, o pagamento ocorre nos \u00faltimos dez dias \u00fateis de cada m\u00eas. O benefici\u00e1rio poder\u00e1 consultar informa\u00e7\u00f5es sobre as datas de pagamento, o valor do benef\u00edcio e a composi\u00e7\u00e3o das parcelas no aplicativo Caixa Tem, usado para acompanhar as contas poupan\u00e7a digitais do banco.<\/p>\n\n\n\n<h2 class=\"wp-block-heading\">Munic\u00edpios<\/h2>\n\n\n\n<p>Os benefici\u00e1rios de 659 cidades receberam o pagamento na ter\u00e7a-feira (15), independentemente do NIS.<strong>&nbsp;A medida beneficiou moradores do Rio Grande do Sul, afetados por enchentes de abril a junho, e de mais seis estados, afetados por chuvas ou por estiagens.<\/strong><\/p>\n\n\n\n<p>Al\u00e9m de todos os 497 munic\u00edpios ga\u00fachos, o pagamento unificado ocorreu em 169 cidades do Piau\u00ed, 12 de S\u00e3o Paulo, 10 do Paran\u00e1, seis de Roraima, tr\u00eas do Amazonas e dois do Rio de Janeiro.<\/p>\n\n\n\n<p>A lista dos munic\u00edpios com pagamento unificado pode ser conferida na&nbsp;<a href=\"https:\/\/www.gov.br\/mds\/pt-br\/noticias-e-conteudos\/desenvolvimento-social\/noticias-desenvolvimento-social\/pagamento-unificado-do-bolsa-familia-e-auxilio-gas-contempla-659-municipios-em-abril\">p\u00e1gina do Minist\u00e9rio do Desenvolvimento e Assist\u00eancia Social na internet<\/a>.<\/p>\n\n\n\n<h2 class=\"wp-block-heading\">Seguro Defeso<\/h2>\n\n\n\n<p><strong>Desde o ano passado, os benefici\u00e1rios do Bolsa Fam\u00edlia n\u00e3o t\u00eam mais o desconto do Seguro Defeso.<\/strong>&nbsp;A mudan\u00e7a foi estabelecida pela&nbsp;<a href=\"https:\/\/www.planalto.gov.br\/ccivil_03\/_ato2023-2026\/2023\/lei\/l14601.htm\">Lei 14.601\/2023<\/a>, que resgatou o Programa Bolsa Fam\u00edlia (PBF).<\/p>\n\n\n\n<p>O Seguro Defeso \u00e9 pago a pessoas que sobrevivem exclusivamente da pesca artesanal e que n\u00e3o podem exercer a atividade durante o per\u00edodo da piracema (reprodu\u00e7\u00e3o dos peixes).<\/p>\n\n\n\n<h2 class=\"wp-block-heading\">Regra de prote\u00e7\u00e3o<\/h2>\n\n\n\n<p><strong>Cerca de 3,05 milh\u00f5es de fam\u00edlias est\u00e3o na regra de prote\u00e7\u00e3o em abril.<\/strong>&nbsp;Em vigor desde junho de 2023, essa regra permite que fam\u00edlias cujos membros consigam emprego e melhorem a renda recebam 50% do benef\u00edcio a que teriam direito por at\u00e9 dois anos, desde que cada integrante receba o equivalente a at\u00e9 meio sal\u00e1rio m\u00ednimo.<\/p>\n\n\n\n<p><strong>Para essas fam\u00edlias, o benef\u00edcio m\u00e9dio ficou em R$ 366,77.<\/strong><\/p>\n\n\n<div class=\"wp-block-image\">\n<figure class=\"aligncenter\"><img decoding=\"async\" src=\"https:\/\/imagens.ebc.com.br\/Fq1TlNDqTYfG56akdiHpcJJHaho=\/463x0\/smart\/https:\/\/agenciabrasil.ebc.com.br\/sites\/default\/files\/thumbnails\/image\/2025\/01\/17\/calendario_bolsa_familia_2025_-_abril.png?itok=GcCBotTw\" alt=\"Calend\u00e1rio Bolsa Fam\u00edlia 2025 - abril\" title=\"Arte EBC\"\/><\/figure>\n<\/div>\n\n\n<p><strong>Arte EBC<\/strong><\/p>\n\n\n\n<h2 class=\"wp-block-heading\">Aux\u00edlio G\u00e1s<\/h2>\n\n\n\n<p><strong>O Aux\u00edlio G\u00e1s tamb\u00e9m ser\u00e1 pago nesta ter\u00e7a-feira \u00e0s fam\u00edlias cadastradas no Cadastro \u00danico para Programas Sociais do Governo Federal (Cad\u00danico), com NIS final 2. O valor subiu para R$ 108 neste m\u00eas.<\/strong><\/p>\n\n\n\n<p>Com dura\u00e7\u00e3o prevista at\u00e9 o fim de 2026, o programa beneficia 5,37 milh\u00f5es de fam\u00edlias. Com a aprova\u00e7\u00e3o da Emenda Constitucional da Transi\u00e7\u00e3o, no fim de 2022, o benef\u00edcio foi mantido em 100% do pre\u00e7o m\u00e9dio do botij\u00e3o de 13 kg.<\/p>\n\n\n\n<p>S\u00f3 pode receber o Aux\u00edlio G\u00e1s quem est\u00e1 inclu\u00eddo no Cad\u00danico e tenha pelo menos um membro da fam\u00edlia que receba o Benef\u00edcio de Presta\u00e7\u00e3o Continuada (BPC). A lei que criou o programa definiu que a mulher respons\u00e1vel pela fam\u00edlia ter\u00e1 prefer\u00eancia, assim como mulheres v\u00edtimas de viol\u00eancia dom\u00e9stica.<br><\/p>\n","protected":false},"excerpt":{"rendered":"<p>Com adicionais, valor m\u00e9dio do benef\u00edcio est\u00e1 em R$ 668,73 Por Ag\u00eancia Brasil \/ Foto:<\/p>\n","protected":false},"author":2,"featured_media":102637,"comment_status":"open","ping_status":"open","sticky":false,"template":"","format":"standard","meta":{"footnotes":""},"categories":[17],"tags":[],"class_list":["post-102636","post","type-post","status-publish","format-standard","has-post-thumbnail","hentry","category-outras-noticias"],"_links":{"self":[{"href":"https:\/\/tvc16.com\/portal\/wp-json\/wp\/v2\/posts\/102636","targetHints":{"allow":["GET"]}}],"collection":[{"href":"https:\/\/tvc16.com\/portal\/wp-json\/wp\/v2\/posts"}],"about":[{"href":"https:\/\/tvc16.com\/portal\/wp-json\/wp\/v2\/types\/post"}],"author":[{"embeddable":true,"href":"https:\/\/tvc16.com\/portal\/wp-json\/wp\/v2\/users\/2"}],"replies":[{"embeddable":true,"href":"https:\/\/tvc16.com\/portal\/wp-json\/wp\/v2\/comments?post=102636"}],"version-history":[{"count":1,"href":"https:\/\/tvc16.com\/portal\/wp-json\/wp\/v2\/posts\/102636\/revisions"}],"predecessor-version":[{"id":102638,"href":"https:\/\/tvc16.com\/portal\/wp-json\/wp\/v2\/posts\/102636\/revisions\/102638"}],"wp:featuredmedia":[{"embeddable":true,"href":"https:\/\/tvc16.com\/portal\/wp-json\/wp\/v2\/media\/102637"}],"wp:attachment":[{"href":"https:\/\/tvc16.com\/portal\/wp-json\/wp\/v2\/media?parent=102636"}],"wp:term":[{"taxonomy":"category","embeddable":true,"href":"https:\/\/tvc16.com\/portal\/wp-json\/wp\/v2\/categories?post=102636"},{"taxonomy":"post_tag","embeddable":true,"href":"https:\/\/tvc16.com\/portal\/wp-json\/wp\/v2\/tags?post=102636"}],"curies":[{"name":"wp","href":"https:\/\/api.w.org\/{rel}","templated":true}]}}