{"id":102639,"date":"2025-04-16T08:40:47","date_gmt":"2025-04-16T11:40:47","guid":{"rendered":"https:\/\/tvc16.com\/portal\/?p=102639"},"modified":"2025-04-16T08:40:49","modified_gmt":"2025-04-16T11:40:49","slug":"camara-do-rio-autoriza-armamento-da-guarda-municipal","status":"publish","type":"post","link":"https:\/\/tvc16.com\/portal\/2025\/04\/16\/camara-do-rio-autoriza-armamento-da-guarda-municipal\/","title":{"rendered":"C\u00e2mara do Rio autoriza armamento da guarda municipal"},"content":{"rendered":"\n<p><em>Pr\u00f3ximo passo \u00e9 regulamentar a forma como a mudan\u00e7a ocorrer\u00e1<\/em><\/p>\n\n\n\n<p>Por Rafael Cardoso &#8211; Rep\u00f3rter da Ag\u00eancia Brasil \/ Foto: Fernando Fraz\u00e3o\/Ag\u00eancia Brasil<\/p>\n\n\n\n<p><\/p>\n\n\n\n<p><strong>A C\u00e2mara Municipal do Rio de Janeiro aprovou nesta ter\u00e7a-feira (15), em definitivo, o projeto de lei que autoriza o uso de arma de fogo pela Guarda Municipal (GM).&nbsp;<\/strong>O pr\u00f3ximo passo agora \u00e9 regulamentar a forma como a mudan\u00e7a ocorrer\u00e1 na pr\u00e1tica.<img decoding=\"async\" src=\"https:\/\/agenciabrasil.ebc.com.br\/ebc.png?id=1639060&amp;o=node\"><img decoding=\"async\" src=\"https:\/\/agenciabrasil.ebc.com.br\/ebc.gif?id=1639060&amp;o=node\"><\/p>\n\n\n\n<p>O Projeto de Emenda \u00e0 Lei Org\u00e2nica n\u00ba 23-A\/2018 acrescenta que a corpora\u00e7\u00e3o pode realizar a\u00e7\u00f5es de seguran\u00e7a p\u00fablica, como policiamento ostensivo, preventivo e comunit\u00e1rio. E que receber\u00e3o capacita\u00e7\u00e3o e treinamento espec\u00edfico para uso do armamento.<\/p>\n\n\n\n<p>Esta foi a segunda sess\u00e3o de discuss\u00e3o do tema. Na vota\u00e7\u00e3o de hoje, foram 43 votos favor\u00e1veis e sete votos contr\u00e1rios dos vereadores, placar exatamente igual ao da&nbsp;<a href=\"https:\/\/agenciabrasil.ebc.com.br\/politica\/noticia\/2025-04\/camara-do-rio-aprova-proposta-para-armar-guarda-municipal\">vota\u00e7\u00e3o em primeira discuss\u00e3o<\/a>, que ocorreu no \u00faltimo dia 2.<\/p>\n\n\n\n<p>O tema ganhou novo impulso esse ano com duas tentativas da Prefeitura em apresentar projetos pr\u00f3prios, que n\u00e3o chegaram a ser colocados em vota\u00e7\u00e3o pelo plen\u00e1rio. Houve acordo entre executivo e legislativo para que um projeto semelhante, em tramita\u00e7\u00e3o desde 2018 e de autoria de um grupo de vereadores, fosse recuperado.<\/p>\n\n\n\n<p><strong>Entre os pontos a serem regulamentados, e que t\u00eam provocado discord\u00e2ncias desde o in\u00edcio do ano, est\u00e3o as propostas de:<\/strong><\/p>\n\n\n\n<ul class=\"wp-block-list\">\n<li>Cria\u00e7\u00e3o de um grupo de elite separado dentro da GM,\u00a0<\/li>\n\n\n\n<li>Contrata\u00e7\u00e3o de agentes tempor\u00e1rios ou por concurso,\u00a0<\/li>\n\n\n\n<li>Permiss\u00e3o para agentes permanecerem com as armas depois do hor\u00e1rio de servi\u00e7o<\/li>\n\n\n\n<li>Possibilidade de uso de c\u00e2meras corporais.<\/li>\n<\/ul>\n\n\n\n<h2 class=\"wp-block-heading\">Debates<\/h2>\n\n\n\n<p>Durante a sess\u00e3o de hoje, vereadores refor\u00e7aram posicionamentos a favor e contra o armamento da guarda. O vereador Pedro Duarte (Novo) usou o exemplo de outras cidades para defender que o Rio n\u00e3o poderia ser uma exce\u00e7\u00e3o.<\/p>\n\n\n\n<blockquote class=\"wp-block-quote is-layout-flow wp-block-quote-is-layout-flow\">\n<p>\u201cA Guarda Municipal do Rio de Janeiro precisa ser armada para ser efetiva em oferecer mais seguran\u00e7a para o cidad\u00e3o carioca. Tive a oportunidade de visitar as Guardas de Curitiba, Belo Horizonte e S\u00e3o Paulo, tr\u00eas capitais que j\u00e1 t\u00eam suas corpora\u00e7\u00f5es armadas e treinadas h\u00e1 muito tempo. Esse \u00e9 o caminho, capacitar os guardas e fornecer a estrutura apropriada\u201d, disse Pedro.<\/p>\n<\/blockquote>\n\n\n\n<p>A vereadora Monica Benicio (PSOL) criticou a falta de um planejamento t\u00e9cnico em seguran\u00e7a p\u00fablica.<\/p>\n\n\n\n<blockquote class=\"wp-block-quote is-layout-flow wp-block-quote-is-layout-flow\">\n<p>\u201cDever\u00edamos estar discutindo aqui plano de cargos e sal\u00e1rios, a\u00e7\u00f5es de intelig\u00eancia, reestrutura\u00e7\u00e3o da guarda, escala de trabalho etc. N\u00e3o se resolve o problema da seguran\u00e7a p\u00fablica com mais viol\u00eancia\u201d, disse M\u00f4nica.<\/p>\n<\/blockquote>\n\n\n\n<h2 class=\"wp-block-heading\">Plano de Seguran\u00e7a<\/h2>\n\n\n\n<p>O antrop\u00f3logo e professor Lenin Pires, do Departamento de Seguran\u00e7a P\u00fablica da Universidade Federal Fluminense (UFF), critica a aus\u00eancia de previs\u00e3o de um Conselho Municipal de Seguran\u00e7a, com representantes da sociedade civil, e de um plano de seguran\u00e7a claro, que justifique as principais necessidades do uso da for\u00e7a armada na cidade.<\/p>\n\n\n\n<blockquote class=\"wp-block-quote is-layout-flow wp-block-quote-is-layout-flow\">\n<p>\u201cO instrumento para o exerc\u00edcio da seguran\u00e7a municipal \u00e9 o plano de seguran\u00e7a, pensado a partir de um diagn\u00f3stico. Nele devem constar informa\u00e7\u00f5es, estudos, pesquisas, evid\u00eancias que coloquem em perspectiva como dever\u00e1 ser o uso dessa Guarda Municipal, no que que ela vai se concentrar, como ela vai atuar. Muito se fala do quantitativo de agentes e de armas, e sequer h\u00e1 um plano de seguran\u00e7a\u201d, diz Lenin.<\/p>\n<\/blockquote>\n\n\n\n<p>\u201cO fato \u00e9 que esse debate est\u00e1 colocado hoje em fun\u00e7\u00e3o da inefici\u00eancia e da incompet\u00eancia do governo estadual, que tem operado unicamente na via da militariza\u00e7\u00e3o das pol\u00edcias militar e civil. N\u00e3o h\u00e1 nenhum compromisso com o desenvolvimento de tecnologias, com intelig\u00eancia policial, com investiga\u00e7\u00e3o, com atua\u00e7\u00e3o preventiva. E a Guarda Municipal iria pelo mesmo caminho\u201d, complementa.<br><\/p>\n","protected":false},"excerpt":{"rendered":"<p>Pr\u00f3ximo passo \u00e9 regulamentar a forma como a mudan\u00e7a ocorrer\u00e1 Por Rafael Cardoso &#8211; Rep\u00f3rter<\/p>\n","protected":false},"author":2,"featured_media":102640,"comment_status":"open","ping_status":"open","sticky":false,"template":"","format":"standard","meta":{"footnotes":""},"categories":[17],"tags":[],"class_list":["post-102639","post","type-post","status-publish","format-standard","has-post-thumbnail","hentry","category-outras-noticias"],"_links":{"self":[{"href":"https:\/\/tvc16.com\/portal\/wp-json\/wp\/v2\/posts\/102639","targetHints":{"allow":["GET"]}}],"collection":[{"href":"https:\/\/tvc16.com\/portal\/wp-json\/wp\/v2\/posts"}],"about":[{"href":"https:\/\/tvc16.com\/portal\/wp-json\/wp\/v2\/types\/post"}],"author":[{"embeddable":true,"href":"https:\/\/tvc16.com\/portal\/wp-json\/wp\/v2\/users\/2"}],"replies":[{"embeddable":true,"href":"https:\/\/tvc16.com\/portal\/wp-json\/wp\/v2\/comments?post=102639"}],"version-history":[{"count":1,"href":"https:\/\/tvc16.com\/portal\/wp-json\/wp\/v2\/posts\/102639\/revisions"}],"predecessor-version":[{"id":102641,"href":"https:\/\/tvc16.com\/portal\/wp-json\/wp\/v2\/posts\/102639\/revisions\/102641"}],"wp:featuredmedia":[{"embeddable":true,"href":"https:\/\/tvc16.com\/portal\/wp-json\/wp\/v2\/media\/102640"}],"wp:attachment":[{"href":"https:\/\/tvc16.com\/portal\/wp-json\/wp\/v2\/media?parent=102639"}],"wp:term":[{"taxonomy":"category","embeddable":true,"href":"https:\/\/tvc16.com\/portal\/wp-json\/wp\/v2\/categories?post=102639"},{"taxonomy":"post_tag","embeddable":true,"href":"https:\/\/tvc16.com\/portal\/wp-json\/wp\/v2\/tags?post=102639"}],"curies":[{"name":"wp","href":"https:\/\/api.w.org\/{rel}","templated":true}]}}