{"id":10264,"date":"2021-02-11T16:39:42","date_gmt":"2021-02-11T19:39:42","guid":{"rendered":"https:\/\/tvc16.com\/portal\/?p=10264"},"modified":"2021-02-11T16:39:45","modified_gmt":"2021-02-11T19:39:45","slug":"idosos-acima-de-90-anos-comecam-a-ser-vacinados-nesta-sexta-feira-12","status":"publish","type":"post","link":"https:\/\/tvc16.com\/portal\/2021\/02\/11\/idosos-acima-de-90-anos-comecam-a-ser-vacinados-nesta-sexta-feira-12\/","title":{"rendered":"Idosos acima de 90 anos come\u00e7am a ser vacinados nesta sexta-feira (12)"},"content":{"rendered":"\n<p>Munic\u00edpio recebeu mais 2.670 doses da vacina CoronaVac<\/p>\n\n\n\n<p>Petr\u00f3polis vai ampliar a vacina\u00e7\u00e3o de idosos contra o Coronav\u00edrus. A partir desta sexta-feira (12), al\u00e9m dos idosos com mais de 95 anos, aqueles que t\u00eam 90 anos ou mais tamb\u00e9m poder\u00e3o ser vacinados em um dos dois pontos de vacina\u00e7\u00e3o instalados no campus da UCP, localizado na Rua Benjamin Constant, no Centro, e no Parque de Itaipava, das 9h \u00e0s 16h. A amplia\u00e7\u00e3o da campanha foi garantida ap\u00f3s a chegada de uma nova remessa da vacina CoronaVac no in\u00edcio da tarde desta quinta-feira (11), quando foram recebidas 2.670 novas doses.<\/p>\n\n\n\n<p>\u201cA campanha de vacina\u00e7\u00e3o est\u00e1 avan\u00e7ando de acordo com a chegada de novas remessas, mas ainda temos uma quantidade muito inferior \u00e0 que necessitamos para imunizar todo o p\u00fablico priorit\u00e1rio\u201d, comentou o prefeito interino Hingo Hammes, lembrando que, at\u00e9 o momento, o munic\u00edpio recebeu apenas 38% das doses para atender a primeira fase da campanha de imuniza\u00e7\u00e3o contra a Covid-19.<\/p>\n\n\n\n<p>A vacina\u00e7\u00e3o dos idosos com 90 anos ou mais seguir\u00e1 as mesmas orienta\u00e7\u00f5es feitas para os idosos com mais de 95 anos: para agilizar o atendimento, a vacina\u00e7\u00e3o pode ser agendada na p\u00e1gina da prefeitura na internet (www.petropolis.rj.gov.br). A vacina\u00e7\u00e3o ser\u00e1 feita desta sexta-feira (12) at\u00e9 o pr\u00f3ximo s\u00e1bado (20), com exce\u00e7\u00e3o de domingo (14) e ter\u00e7a-feira (16), que \u00e9 feriado de carnaval. Os pontos de vacina\u00e7\u00e3o funcionam das 9h \u00e0s 16h. No dia da aplica\u00e7\u00e3o, o idoso deve apresentar identidade, cart\u00e3o de vacina e comprovante de resid\u00eancia.<\/p>\n\n\n\n<p>\u201cPessoas que testaram positivo para a Covid-19 nos \u00faltimos 90 dias ou que estejam com sintomas n\u00e3o poder\u00e3o ser vacinadas neste momento. Por isso, devem aguardar e depois se apresentar em um dos postos de vacina\u00e7\u00e3o\u201d, esclareceu o secret\u00e1rio de Sa\u00fade, Aloisio Barbosa da Silva Filho.<\/p>\n\n\n\n<p>Vacina\u00e7\u00e3o de acamados<\/p>\n\n\n\n<p>A equipe do Servi\u00e7o de Atendimento Domiciliar (SAD) iniciou nesta quinta-feira (11) a vacina\u00e7\u00e3o dos acamados. O atendimento aos pacientes iniciou em Corr\u00eaas, ap\u00f3s an\u00e1lise dos mapas de calor elaborados em parceria com a Fiocruz Petr\u00f3polis, e nos pr\u00f3ximos dias estar\u00e1 no Centro. Os t\u00e9cnicos do SAD fazem as visitas identificados com crach\u00e1s e s\u00e3o transportados por carros oficiais da prefeitura.<\/p>\n\n\n\n<p>O cadastro deve ser feito por idosos acima de 60 anos e pessoas maiores de 18 anos com comorbidades, que est\u00e3o acamados, e n\u00e3o s\u00e3o atendidos por Posto de Sa\u00fade da Fam\u00edlia (PSF), na p\u00e1gina da prefeitura pela Internet (www.petropolis.rj.gov.br) ou pelo telefone do Servi\u00e7o de Atendimento Domiciliar: 2235-2684, que funciona de segunda a sexta, das 8h \u00e0s 16h30h. Para fazer o cadastramento, que seguir\u00e1 at\u00e9 o fim de fevereiro, \u00e9 preciso informar nome completo, data de nascimento, CPF ou cart\u00e3o SUS, endere\u00e7o e telefone.<\/p>\n\n\n\n<p>Ao longo da semana, as equipes de enfermagem, sob coordena\u00e7\u00e3o do departamento de Vigil\u00e2ncia em Sa\u00fade, tamb\u00e9m est\u00e3o aplicando a segunda dose da vacina nos profissionais de sa\u00fade de unidades hospitalares, nos idosos residentes em institui\u00e7\u00f5es de longa perman\u00eancia e nos deficientes que vivem em resid\u00eancias inclusivas.<\/p>\n","protected":false},"excerpt":{"rendered":"<p>Munic\u00edpio recebeu mais 2.670 doses da vacina CoronaVac Petr\u00f3polis vai ampliar a vacina\u00e7\u00e3o de idosos<\/p>\n","protected":false},"author":2,"featured_media":10265,"comment_status":"open","ping_status":"open","sticky":false,"template":"","format":"standard","meta":{"footnotes":""},"categories":[12],"tags":[],"class_list":["post-10264","post","type-post","status-publish","format-standard","has-post-thumbnail","hentry","category-cidade"],"_links":{"self":[{"href":"https:\/\/tvc16.com\/portal\/wp-json\/wp\/v2\/posts\/10264","targetHints":{"allow":["GET"]}}],"collection":[{"href":"https:\/\/tvc16.com\/portal\/wp-json\/wp\/v2\/posts"}],"about":[{"href":"https:\/\/tvc16.com\/portal\/wp-json\/wp\/v2\/types\/post"}],"author":[{"embeddable":true,"href":"https:\/\/tvc16.com\/portal\/wp-json\/wp\/v2\/users\/2"}],"replies":[{"embeddable":true,"href":"https:\/\/tvc16.com\/portal\/wp-json\/wp\/v2\/comments?post=10264"}],"version-history":[{"count":1,"href":"https:\/\/tvc16.com\/portal\/wp-json\/wp\/v2\/posts\/10264\/revisions"}],"predecessor-version":[{"id":10266,"href":"https:\/\/tvc16.com\/portal\/wp-json\/wp\/v2\/posts\/10264\/revisions\/10266"}],"wp:featuredmedia":[{"embeddable":true,"href":"https:\/\/tvc16.com\/portal\/wp-json\/wp\/v2\/media\/10265"}],"wp:attachment":[{"href":"https:\/\/tvc16.com\/portal\/wp-json\/wp\/v2\/media?parent=10264"}],"wp:term":[{"taxonomy":"category","embeddable":true,"href":"https:\/\/tvc16.com\/portal\/wp-json\/wp\/v2\/categories?post=10264"},{"taxonomy":"post_tag","embeddable":true,"href":"https:\/\/tvc16.com\/portal\/wp-json\/wp\/v2\/tags?post=10264"}],"curies":[{"name":"wp","href":"https:\/\/api.w.org\/{rel}","templated":true}]}}