{"id":102645,"date":"2025-04-16T08:44:18","date_gmt":"2025-04-16T11:44:18","guid":{"rendered":"https:\/\/tvc16.com\/portal\/?p=102645"},"modified":"2025-04-16T08:44:59","modified_gmt":"2025-04-16T11:44:59","slug":"brasil-bate-recorde-na-abertura-de-pequenos-negocios-no-1o-trimestre","status":"publish","type":"post","link":"https:\/\/tvc16.com\/portal\/2025\/04\/16\/brasil-bate-recorde-na-abertura-de-pequenos-negocios-no-1o-trimestre\/","title":{"rendered":"Brasil bate recorde na abertura de pequenos neg\u00f3cios no 1\u00ba trimestre"},"content":{"rendered":"\n<p><em>Pa\u00eds subiu em ranking mundial de empreendedores estabelecidos<\/em><\/p>\n\n\n\n<p>Por Cristiane Ribeiro &#8211; Rep\u00f3rter da R\u00e1dio Nacional \/ Foto: Elza Fi\u00faza\/Ag\u00eancia Brasil<\/p>\n\n\n\n<p><\/p>\n\n\n\n<p><strong>O Brasil bateu recorde na abertura de pequenos neg\u00f3cios nos tr\u00eas primeiros meses deste ano, com mais de 1,4 milh\u00e3o de registros. O<\/strong>s microempreendedores individuais (MEIs) chegaram a 78% dos novos Cadastros Nacionais da Pessoa Jur\u00eddica (CNPJs).<img decoding=\"async\" src=\"https:\/\/agenciabrasil.ebc.com.br\/ebc.png?id=1639052&amp;o=node\"><img decoding=\"async\" src=\"https:\/\/agenciabrasil.ebc.com.br\/ebc.gif?id=1639052&amp;o=node\"><\/p>\n\n\n\n<p>Os dados s\u00e3o do Servi\u00e7o Brasileiro de Apoio \u00e0s Micro e Pequenas Empresas (Sebrae), e&nbsp;<strong>indicam, ainda, um aumento de 35% no n\u00famero de MEIs em compara\u00e7\u00e3o com igual per\u00edodo de 2024,<\/strong>&nbsp;al\u00e9m de um crescimento de 28% nas micro e pequenas empresas.<\/p>\n\n\n\n<p>De acordo com a pesquisa, a expans\u00e3o do empreendedorismo formalizado vem acompanhada de medidas governamentais voltadas \u00e0 simplifica\u00e7\u00e3o, incentivo, inova\u00e7\u00e3o e amplia\u00e7\u00e3o do acesso ao cr\u00e9dito para pequenos neg\u00f3cios.<\/p>\n\n\n\n<p>Em mar\u00e7o deste ano, o<strong>&nbsp;setor de servi\u00e7os obteve o melhor desempenho, com 63,7% do total&nbsp;<\/strong>de pequenos neg\u00f3cios abertos, seguido por com\u00e9rcio e ind\u00fastria da transforma\u00e7\u00e3o.<\/p>\n\n\n\n<p>No recorte por regi\u00f5es, a pesquisa do Sebrae aponta que Sudeste, Sul e Nordeste lideram a abertura acumulada de pequenos neg\u00f3cios, sendo S\u00e3o Paulo, Minas Gerais e Rio de Janeiro nas primeiras posi\u00e7\u00f5es entre os estados.<\/p>\n\n\n\n<h2 class=\"wp-block-heading\">Empreendedores<\/h2>\n\n\n\n<p>Segundo o estudo, o pa\u00eds tem 47 milh\u00f5es de pessoas \u00e0 frente de algum neg\u00f3cio, formal ou informal. Entre os fatores que justificam o indicador est\u00e1 o aumento na Taxa de Empreendedores Estabelecidos, aqueles com mais de 3 anos de opera\u00e7\u00e3o, que saltou de 8,7%, em 2020, para 13,2% no ano passado.<\/p>\n\n\n\n<p>Com o resultado de 2024,&nbsp;<strong>o Brasil avan\u00e7ou duas posi\u00e7\u00f5es \u2013 da oitava para a sexta \u2013 no ranking de pa\u00edses com a maior Taxa de Empreendedores Estabelecidos, na frente de pa\u00edses como Reino Unido, It\u00e1lia e Estados Unidos.<\/strong><br><\/p>\n","protected":false},"excerpt":{"rendered":"<p>Pa\u00eds subiu em ranking mundial de empreendedores estabelecidos Por Cristiane Ribeiro &#8211; Rep\u00f3rter da R\u00e1dio<\/p>\n","protected":false},"author":2,"featured_media":102646,"comment_status":"open","ping_status":"open","sticky":false,"template":"","format":"standard","meta":{"footnotes":""},"categories":[17],"tags":[],"class_list":["post-102645","post","type-post","status-publish","format-standard","has-post-thumbnail","hentry","category-outras-noticias"],"_links":{"self":[{"href":"https:\/\/tvc16.com\/portal\/wp-json\/wp\/v2\/posts\/102645","targetHints":{"allow":["GET"]}}],"collection":[{"href":"https:\/\/tvc16.com\/portal\/wp-json\/wp\/v2\/posts"}],"about":[{"href":"https:\/\/tvc16.com\/portal\/wp-json\/wp\/v2\/types\/post"}],"author":[{"embeddable":true,"href":"https:\/\/tvc16.com\/portal\/wp-json\/wp\/v2\/users\/2"}],"replies":[{"embeddable":true,"href":"https:\/\/tvc16.com\/portal\/wp-json\/wp\/v2\/comments?post=102645"}],"version-history":[{"count":1,"href":"https:\/\/tvc16.com\/portal\/wp-json\/wp\/v2\/posts\/102645\/revisions"}],"predecessor-version":[{"id":102647,"href":"https:\/\/tvc16.com\/portal\/wp-json\/wp\/v2\/posts\/102645\/revisions\/102647"}],"wp:featuredmedia":[{"embeddable":true,"href":"https:\/\/tvc16.com\/portal\/wp-json\/wp\/v2\/media\/102646"}],"wp:attachment":[{"href":"https:\/\/tvc16.com\/portal\/wp-json\/wp\/v2\/media?parent=102645"}],"wp:term":[{"taxonomy":"category","embeddable":true,"href":"https:\/\/tvc16.com\/portal\/wp-json\/wp\/v2\/categories?post=102645"},{"taxonomy":"post_tag","embeddable":true,"href":"https:\/\/tvc16.com\/portal\/wp-json\/wp\/v2\/tags?post=102645"}],"curies":[{"name":"wp","href":"https:\/\/api.w.org\/{rel}","templated":true}]}}