{"id":102648,"date":"2025-04-16T08:46:36","date_gmt":"2025-04-16T11:46:36","guid":{"rendered":"https:\/\/tvc16.com\/portal\/?p=102648"},"modified":"2025-04-16T08:46:41","modified_gmt":"2025-04-16T11:46:41","slug":"proposta-de-orcamento-preve-superavit-de-r-382-bi-para-2026","status":"publish","type":"post","link":"https:\/\/tvc16.com\/portal\/2025\/04\/16\/proposta-de-orcamento-preve-superavit-de-r-382-bi-para-2026\/","title":{"rendered":"Proposta de Or\u00e7amento prev\u00ea super\u00e1vit de R$ 38,2 bi para 2026"},"content":{"rendered":"\n<p><em>Com margem de toler\u00e2ncia, governo poder\u00e1 ter resultado zero<\/em><\/p>\n\n\n\n<p>Por Wellton M\u00e1ximo \u2013 Rep\u00f3rter da Ag\u00eancia Brasil \/ Foto: Jos\u00e9 Cruz\/Ag\u00eancia Brasil<\/p>\n\n\n\n<p><\/p>\n\n\n\n<p>Enviado nesta ter\u00e7a-feira (15) ao Congresso Nacional,&nbsp;<strong>o&nbsp;<a href=\"https:\/\/agenciabrasil.ebc.com.br\/economia\/noticia\/2025-04\/projeto-da-ldo-preve-crescimento-de-25-para-o-proximo-ano\">projeto da Lei de Diretrizes Or\u00e7ament\u00e1rias<\/a>&nbsp;(PLDO) de 2026 manteve a meta de super\u00e1vit prim\u00e1rio&nbsp;<\/strong>\u2013 resultado positivo nas contas do governo sem os juros da d\u00edvida p\u00fablica.&nbsp;<strong>A proposta manteve em R$ 34,3 bilh\u00f5es, 0,25% do Produto Interno Bruto (PIB), a meta de super\u00e1vit prim\u00e1rio para 2026.<\/strong><img decoding=\"async\" src=\"https:\/\/agenciabrasil.ebc.com.br\/ebc.png?id=1639039&amp;o=node\"><img decoding=\"async\" src=\"https:\/\/agenciabrasil.ebc.com.br\/ebc.gif?id=1639039&amp;o=node\"><\/p>\n\n\n\n<p>Como o arcabou\u00e7o fiscal prev\u00ea margem de toler\u00e2ncia de 0,25 ponto percentual do PIB para mais ou para menos, em tese&nbsp;<strong>o governo poder\u00e1 encerrar o pr\u00f3ximo ano com resultado zero e, ainda assim, cumprir a meta.<\/strong><\/p>\n\n\n\n<p>Mesmo com a margem de toler\u00e2ncia, o governo prev\u00ea que cumprir\u00e1 a meta com pequena folga.<strong>&nbsp;Segundo o projeto da LDO, o super\u00e1vit prim\u00e1rio ficar\u00e1 em R$ 38,2 bilh\u00f5es&nbsp;<\/strong>no pr\u00f3ximo ano, R$ 3,9 bilh\u00f5es acima da meta.<\/p>\n\n\n\n<p>O texto projeta super\u00e1vit de 0,5% do PIB para 2027, 1% em 2028 e 1,25% em 2029. Essas estimativas, no entanto, s\u00e3o revisadas a cada ano.<\/p>\n\n\n\n<p><strong>Em valores absolutos, o PLDO prev\u00ea que o super\u00e1vit prim\u00e1rio poder\u00e1 variar entre zero e R$ 73,2 bilh\u00f5es em 2026<\/strong>, considerando a margem de toler\u00e2ncia. Para 2027, o texto prev\u00ea super\u00e1vit de R$ 34,3 bilh\u00f5es a R$ 91,75 bilh\u00f5es, com meta de R$ 73,4 bilh\u00f5es.<\/p>\n\n\n\n<p>Para 2028, o governo prev\u00ea variando de resultado positivo de R$ 117,97 bilh\u00f5es a R$ 196,63 bilh\u00f5es, com meta de R$ 157,3 bilh\u00f5es. Para 2029, o projeto estima super\u00e1vit prim\u00e1rio de R$ 210,7 bilh\u00f5es, com o intervalo entre R$ 158,02 bilh\u00f5es e R$ 263,38 bilh\u00f5es.<\/p>\n\n\n\n<h2 class=\"wp-block-heading\">Revis\u00e3o de gastos<\/h2>\n\n\n\n<p><strong>O PLDO de 2026 mant\u00e9m as medidas de revis\u00e3o de gastos no Instituto Nacional do Seguro Social (INSS), no Benef\u00edcio de Presta\u00e7\u00e3o Continuada (BPC) e nas indeniza\u00e7\u00f5es do Programa de Garantia da Atividade Agropecu\u00e1ria (Proagro) para os pr\u00f3ximos anos.<\/strong><\/p>\n\n\n\n<p>A economia total chegaria a R$ 50,8 bilh\u00f5es, dividida da seguinte forma: R$ 9 bilh\u00f5es em 2025, R$ 8,9 bilh\u00f5es em 2026, R$ 11,4 bilh\u00f5es em 2027, R$ 11,9 bilh\u00f5es em 2028 e R$ 9,6 bilh\u00f5es em 2029.<\/p>\n\n\n\n<p>Em rela\u00e7\u00e3o ao INSS, o governo quer economizar R$ 3,1 bilh\u00f5es em 2026, R$ 3,4 bilh\u00f5es em 2027, R$ 3,6 bilh\u00f5es em 2028 e R$ 3,8 bilh\u00f5es em 2029. No BPC, o projeto prev\u00ea economia de R$ 2 bilh\u00f5es em 2026, R$ 4,2 bilh\u00f5es em 2027, R$ 4,5 bilh\u00f5es em 2028 e R$ 2 bilh\u00f5es em 2029. No Proagro, o projeto estima economia de R$ 3,8 bilh\u00f5es por ano de 2025 a 2029.<\/p>\n\n\n\n<h2 class=\"wp-block-heading\">Limites de despesas<\/h2>\n\n\n\n<p>Pela regra do arcabou\u00e7o fiscal que limita o crescimento real (acima da infla\u00e7\u00e3o) dos gastos a 70% do crescimento real da receita, as despesas federais poderiam subir at\u00e9 4,44% em 2026, 4,71% em 2027, 3,33% em 2028 e 1,55% em 2029. No entanto, com o teto de 2,5% de crescimento acima da infla\u00e7\u00e3o,&nbsp;<strong>as despesas subir\u00e3o 2,5% ao ano at\u00e9 2028 e 1,55% em 2029<\/strong>.<\/p>\n\n\n\n<p>Em valores absolutos, o governo federal poder\u00e1 gastar at\u00e9 R$ 2,431 trilh\u00f5es em 2026, R$ 2,586 trilh\u00f5es em 2027, R$ 2,736 trilh\u00f5es em 2028 e R$ 2,863 trilh\u00f5es em 2029. Desse total, o Poder Executivo poder\u00e1 gastar at\u00e9 R$ 2,336 trilh\u00f5es em 2026, R$ 2,485 trilh\u00f5es em 2027, R$ 2,629 trilh\u00f5es em 2028 e R$ 2,752 trilh\u00f5es em 2029.<\/p>\n\n\n\n<p>Estabelecidos pelo novo arcabou\u00e7o fiscal, os limites de crescimento dos gastos, na pr\u00e1tica, funcionam como um teto de gastos atenuado. Os limites para os demais Poderes \u2013 Legislativo, Judici\u00e1rio, Minist\u00e9rio P\u00fablico da Uni\u00e3o e Defensoria P\u00fablica da Uni\u00e3o \u2013 ficaram definidos da seguinte forma: R$ 94,3 bilh\u00f5es em 2026, R$ 100,3 bilh\u00f5es em 2027, R$ 106,2 bilh\u00f5es em 2028 e R$ 111,1 bilh\u00f5es em 2029.<br><\/p>\n","protected":false},"excerpt":{"rendered":"<p>Com margem de toler\u00e2ncia, governo poder\u00e1 ter resultado zero Por Wellton M\u00e1ximo \u2013 Rep\u00f3rter da<\/p>\n","protected":false},"author":2,"featured_media":102649,"comment_status":"open","ping_status":"open","sticky":false,"template":"","format":"standard","meta":{"footnotes":""},"categories":[17],"tags":[],"class_list":["post-102648","post","type-post","status-publish","format-standard","has-post-thumbnail","hentry","category-outras-noticias"],"_links":{"self":[{"href":"https:\/\/tvc16.com\/portal\/wp-json\/wp\/v2\/posts\/102648","targetHints":{"allow":["GET"]}}],"collection":[{"href":"https:\/\/tvc16.com\/portal\/wp-json\/wp\/v2\/posts"}],"about":[{"href":"https:\/\/tvc16.com\/portal\/wp-json\/wp\/v2\/types\/post"}],"author":[{"embeddable":true,"href":"https:\/\/tvc16.com\/portal\/wp-json\/wp\/v2\/users\/2"}],"replies":[{"embeddable":true,"href":"https:\/\/tvc16.com\/portal\/wp-json\/wp\/v2\/comments?post=102648"}],"version-history":[{"count":1,"href":"https:\/\/tvc16.com\/portal\/wp-json\/wp\/v2\/posts\/102648\/revisions"}],"predecessor-version":[{"id":102650,"href":"https:\/\/tvc16.com\/portal\/wp-json\/wp\/v2\/posts\/102648\/revisions\/102650"}],"wp:featuredmedia":[{"embeddable":true,"href":"https:\/\/tvc16.com\/portal\/wp-json\/wp\/v2\/media\/102649"}],"wp:attachment":[{"href":"https:\/\/tvc16.com\/portal\/wp-json\/wp\/v2\/media?parent=102648"}],"wp:term":[{"taxonomy":"category","embeddable":true,"href":"https:\/\/tvc16.com\/portal\/wp-json\/wp\/v2\/categories?post=102648"},{"taxonomy":"post_tag","embeddable":true,"href":"https:\/\/tvc16.com\/portal\/wp-json\/wp\/v2\/tags?post=102648"}],"curies":[{"name":"wp","href":"https:\/\/api.w.org\/{rel}","templated":true}]}}