{"id":102656,"date":"2025-04-18T05:00:00","date_gmt":"2025-04-18T08:00:00","guid":{"rendered":"https:\/\/tvc16.com\/portal\/?p=102656"},"modified":"2025-04-17T12:37:23","modified_gmt":"2025-04-17T15:37:23","slug":"brasil-ultrapassa-1-milhao-de-casos-provaveis-de-dengue-em-2025","status":"publish","type":"post","link":"https:\/\/tvc16.com\/portal\/2025\/04\/18\/brasil-ultrapassa-1-milhao-de-casos-provaveis-de-dengue-em-2025\/","title":{"rendered":"Brasil ultrapassa 1 milh\u00e3o de casos prov\u00e1veis de dengue em 2025"},"content":{"rendered":"\n<p><strong>O Brasil registrou, desde 1\u00ba de janeiro de 2025, 1.010.833 casos prov\u00e1veis de dengue. De acordo com o Painel de Monitoramento das Arboviroses, o pa\u00eds contabiliza ainda 668 mortes confirmadas pela doen\u00e7a e 724 em investiga\u00e7\u00e3o. O coeficiente de incid\u00eancia, neste momento, \u00e9 de 475,5 casos para cada 100 mil pessoas.<\/strong><img decoding=\"async\" src=\"https:\/\/agenciabrasil.ebc.com.br\/ebc.png?id=1639305&amp;o=node\"><img decoding=\"async\" src=\"https:\/\/agenciabrasil.ebc.com.br\/ebc.gif?id=1639305&amp;o=node\"><\/p>\n\n\n\n<blockquote class=\"wp-block-quote is-layout-flow wp-block-quote-is-layout-flow\">\n<p>A t\u00edtulo de compara\u00e7\u00e3o, no mesmo per\u00edodo do ano passado, quando foi registrada a pior epidemia de dengue no Brasil, haviam sido contabilizados 4.013.746 casos prov\u00e1veis e 3.809 mortes pela doen\u00e7a, al\u00e9m de 232 \u00f3bitos em investiga\u00e7\u00e3o. O coeficiente de incid\u00eancia, \u00e0 \u00e9poca, era de 1.881 casos para cada 100 mil pessoas.<\/p>\n<\/blockquote>\n\n\n\n<p><a href=\"https:\/\/agenciabrasil.ebc.com.br\/saude\/noticia\/2025-04\/saude-anuncia-80-municipios-prioritarios-para-acoes-contra-dengue\" target=\"_blank\" rel=\"noreferrer noopener\">&gt;&gt;Sa\u00fade anuncia 80 munic\u00edpios priorit\u00e1rios para a\u00e7\u00f5es contra dengue<\/a><\/p>\n\n\n\n<p><strong>Em 2025, a maior parte dos casos prov\u00e1veis se concentra na faixa et\u00e1ria de 20 a 29 anos, seguida pelos grupos de 30 a 39 anos, de 40 a 49 anos e de 50 a 59 anos. As mulheres concentram 55% dos casos e os homens, 45%. Brancos, pardos e pretos respondem pela maioria dos casos (50,4%, 31,1% e 4,8%, respectivamente).<\/strong><\/p>\n\n\n\n<p>S\u00e3o Paulo lidera o ranking de estados em n\u00famero absoluto, com 585.902 casos. Em seguida est\u00e3o Minas Gerais (109.685 casos), Paran\u00e1 (80.285) e Goi\u00e1s (46.98 casos). S\u00e3o Paulo mant\u00e9m ainda o maior coeficiente de incid\u00eancia (1.274 casos para cada 100 mil pessoas). Em seguida aparecem Acre (888), Paran\u00e1 (679) e Goi\u00e1s (639).<\/p>\n\n\n\n<p>Paula Laboissi\u00e8re \u2013 Rep\u00f3rter da Ag\u00eancia Brasil<br>Foto: \u00a9 Frame EBC<br><\/p>\n","protected":false},"excerpt":{"rendered":"<p>O Brasil registrou, desde 1\u00ba de janeiro de 2025, 1.010.833 casos prov\u00e1veis de dengue. De<\/p>\n","protected":false},"author":2,"featured_media":102657,"comment_status":"open","ping_status":"open","sticky":false,"template":"","format":"standard","meta":{"footnotes":""},"categories":[17],"tags":[],"class_list":["post-102656","post","type-post","status-publish","format-standard","has-post-thumbnail","hentry","category-outras-noticias"],"_links":{"self":[{"href":"https:\/\/tvc16.com\/portal\/wp-json\/wp\/v2\/posts\/102656","targetHints":{"allow":["GET"]}}],"collection":[{"href":"https:\/\/tvc16.com\/portal\/wp-json\/wp\/v2\/posts"}],"about":[{"href":"https:\/\/tvc16.com\/portal\/wp-json\/wp\/v2\/types\/post"}],"author":[{"embeddable":true,"href":"https:\/\/tvc16.com\/portal\/wp-json\/wp\/v2\/users\/2"}],"replies":[{"embeddable":true,"href":"https:\/\/tvc16.com\/portal\/wp-json\/wp\/v2\/comments?post=102656"}],"version-history":[{"count":1,"href":"https:\/\/tvc16.com\/portal\/wp-json\/wp\/v2\/posts\/102656\/revisions"}],"predecessor-version":[{"id":102658,"href":"https:\/\/tvc16.com\/portal\/wp-json\/wp\/v2\/posts\/102656\/revisions\/102658"}],"wp:featuredmedia":[{"embeddable":true,"href":"https:\/\/tvc16.com\/portal\/wp-json\/wp\/v2\/media\/102657"}],"wp:attachment":[{"href":"https:\/\/tvc16.com\/portal\/wp-json\/wp\/v2\/media?parent=102656"}],"wp:term":[{"taxonomy":"category","embeddable":true,"href":"https:\/\/tvc16.com\/portal\/wp-json\/wp\/v2\/categories?post=102656"},{"taxonomy":"post_tag","embeddable":true,"href":"https:\/\/tvc16.com\/portal\/wp-json\/wp\/v2\/tags?post=102656"}],"curies":[{"name":"wp","href":"https:\/\/api.w.org\/{rel}","templated":true}]}}