{"id":10267,"date":"2021-02-11T16:59:31","date_gmt":"2021-02-11T19:59:31","guid":{"rendered":"https:\/\/tvc16.com\/portal\/?p=10267"},"modified":"2021-02-11T16:59:35","modified_gmt":"2021-02-11T19:59:35","slug":"com-avancini-sendo-decisivo-brasil-recebe-copa-do-mundo-de-mtb","status":"publish","type":"post","link":"https:\/\/tvc16.com\/portal\/2021\/02\/11\/com-avancini-sendo-decisivo-brasil-recebe-copa-do-mundo-de-mtb\/","title":{"rendered":"Com Avancini sendo decisivo, Brasil recebe Copa do Mundo de MTB"},"content":{"rendered":"\n<h3 class=\"wp-block-heading\">Em abril de 2022, etapa ser\u00e1 em Petr\u00f3polis, cidade natal do ciclista<\/h3>\n\n\n\n<p>A Uni\u00e3o Cicl\u00edstica Internacional (UCI) confirmou &nbsp;que o Brasil receber\u00e1 em 2022 uma etapa da Copa do Mundo de Ciclismo Mountain Bike (MTB). O evento ocorrer\u00e1 entre os dias 8 e&nbsp;10 de abril&nbsp;&nbsp;em Petr\u00f3polis (RJ).&nbsp; A organiza\u00e7\u00e3o&nbsp;ser\u00e1 da CIMTB Michelin, em parceria com a Confedera\u00e7\u00e3o Brasileira de Ciclismo (CBC). Al\u00e9m de todas entidades esportivas envolvidas, Henrique&nbsp; Avancini&nbsp;foi fundamental para a concretiza\u00e7\u00e3o do sonho de trazer a elite do esporte para o Brasil. &nbsp;Avancini, em 2020,&nbsp;&nbsp;ganhou &nbsp;pela primeira vez uma prova de Cross Country Ol\u00edmpico na Copa do Mundo de Mountain Bike e \u00e9 o l\u00edder do ranking mundial da UCI. H\u00e1 pelo menos quatro anos, ele&nbsp;trabalhava&nbsp; para concretizar esse sonho. &nbsp;Al\u00e9m disso, o torneio ser\u00e1 realizado na cidade&nbsp;natal&nbsp;do campe\u00e3o e na pr\u00f3pria pista na qual ele treina quando est\u00e1 no Brasil.&nbsp;<img decoding=\"async\" src=\"https:\/\/agenciabrasil.ebc.com.br\/ebc.png?id=1401178&amp;o=node\"><img decoding=\"async\" src=\"https:\/\/agenciabrasil.ebc.com.br\/ebc.gif?id=1401178&amp;o=node\"><\/p>\n\n\n\n<p>\u201cTrazer uma etapa da Copa do Mundo para o Brasil \u00e9 uma conquista enorme. Existia um desejo de muitas pessoas envolvidas no esporte, organizadores, todo o mercado, e esse desejo come\u00e7ou vir tamb\u00e9m por parte da Uni\u00e3o Cicl\u00edstica Internacional (UCI) e da Red Bull TV, que \u00e9 quem transmite a Copa do Mundo. Isso pela demanda e aceita\u00e7\u00e3o que o Brasil tinha com a modalidade, ent\u00e3o esse interesse do Brasil, essa afinidade que o Pa\u00eds tem com o mountain bike foi um dos principais fatores para que esse projeto come\u00e7asse a tomar vida\u201d, explicou Avancini \u00e0 equipe de assessoria de imprensa. \u201cNo segundo momento, j\u00e1 um pouco mais s\u00e9rio de reuni\u00f5es e conversas de bastidores, a UCI, atrav\u00e9s do Simon Burney, que \u00e9 o diretor geral do MTB dentro da entidade, sinalizou que eles queriam vir ao Brasil, fariam de tudo para que fosse vi\u00e1vel, mas a decis\u00e3o teria que ser na minha cidade&nbsp;natal, em Petr\u00f3polis, pelo momento que eu vivo como atleta, pelo impacto que isso traz no mountain bike brasileiro. E a partir disso, o Rog\u00e9rio, que \u00e9 organizador da Copa Internacional de MTB, foi quem abra\u00e7ou esse projeto e foi respaldado tamb\u00e9m pelo hist\u00f3rico que tem de organiza\u00e7\u00e3o de eventos UCI\u201d disse&nbsp;&nbsp;aos assessores.<\/p>\n\n\n\n<p>Essa ser\u00e1 a&nbsp;segunda&nbsp;vez que uma etapa da Copa do Mundo de MTB ser\u00e1 realizada no pa\u00eds. A primeira&nbsp;foi no ano de 2005, em Balne\u00e1rio Cambori\u00fa, em Santa Catarina.&nbsp;\u201cAcho que \u00e9 um grande marco, pra mim como atleta por&nbsp;ter&nbsp;alcan\u00e7ado uma relev\u00e2ncia de import\u00e2ncia internacional a ponto de pesar muito uma decis\u00e3o como essa, \u00e9 uma conquista do Rog\u00e9rio como organizador e da bicicleta no Brasil. Quando falo bicicleta me refiro ao mercado, atletas, p\u00fablico, quem ama e quem faz a bike no Brasil contribuiu para que isso acontecesse, ent\u00e3o por isso eu enxergo n\u00e3o como uma conquista pessoal, mas como um grande reconhecimento ao nosso momento da bicicleta no Brasil. \u00c9 algo para comemorar e celebrar muito, pois de fato \u00e9 um marco enorme por tudo que tem sido feito nos \u00faltimos anos\u201d, finalizou o ciclista.<\/p>\n\n\n\n<p>Al\u00e9m de comemorar a conquista obtida fora das pistas, a temporada de 2021 ser\u00e1 intensa demais para Henrique Avancini. O carioca tem Olimp\u00edadas em T\u00f3quio, Campeonato Mundial, Cape Epic.<\/p>\n\n\n\n<p>Por Juliano Justo &#8211; Rep\u00f3rter da TV Brasil e da R\u00e1dio Nacional &#8211; S\u00e3o Paulo<\/p>\n\n\n\n<p>Edi\u00e7\u00e3o: Marcio Parente<\/p>\n","protected":false},"excerpt":{"rendered":"<p>Em abril de 2022, etapa ser\u00e1 em Petr\u00f3polis, cidade natal do ciclista A Uni\u00e3o Cicl\u00edstica<\/p>\n","protected":false},"author":2,"featured_media":10268,"comment_status":"open","ping_status":"open","sticky":false,"template":"","format":"standard","meta":{"footnotes":""},"categories":[12],"tags":[],"class_list":["post-10267","post","type-post","status-publish","format-standard","has-post-thumbnail","hentry","category-cidade"],"_links":{"self":[{"href":"https:\/\/tvc16.com\/portal\/wp-json\/wp\/v2\/posts\/10267","targetHints":{"allow":["GET"]}}],"collection":[{"href":"https:\/\/tvc16.com\/portal\/wp-json\/wp\/v2\/posts"}],"about":[{"href":"https:\/\/tvc16.com\/portal\/wp-json\/wp\/v2\/types\/post"}],"author":[{"embeddable":true,"href":"https:\/\/tvc16.com\/portal\/wp-json\/wp\/v2\/users\/2"}],"replies":[{"embeddable":true,"href":"https:\/\/tvc16.com\/portal\/wp-json\/wp\/v2\/comments?post=10267"}],"version-history":[{"count":1,"href":"https:\/\/tvc16.com\/portal\/wp-json\/wp\/v2\/posts\/10267\/revisions"}],"predecessor-version":[{"id":10269,"href":"https:\/\/tvc16.com\/portal\/wp-json\/wp\/v2\/posts\/10267\/revisions\/10269"}],"wp:featuredmedia":[{"embeddable":true,"href":"https:\/\/tvc16.com\/portal\/wp-json\/wp\/v2\/media\/10268"}],"wp:attachment":[{"href":"https:\/\/tvc16.com\/portal\/wp-json\/wp\/v2\/media?parent=10267"}],"wp:term":[{"taxonomy":"category","embeddable":true,"href":"https:\/\/tvc16.com\/portal\/wp-json\/wp\/v2\/categories?post=10267"},{"taxonomy":"post_tag","embeddable":true,"href":"https:\/\/tvc16.com\/portal\/wp-json\/wp\/v2\/tags?post=10267"}],"curies":[{"name":"wp","href":"https:\/\/api.w.org\/{rel}","templated":true}]}}