{"id":102675,"date":"2025-04-17T14:10:33","date_gmt":"2025-04-17T17:10:33","guid":{"rendered":"https:\/\/tvc16.com\/portal\/?p=102675"},"modified":"2025-04-17T16:31:31","modified_gmt":"2025-04-17T19:31:31","slug":"pedro-alcantara-e-o-novo-secretario-de-meio-ambiente-de-petropolis","status":"publish","type":"post","link":"https:\/\/tvc16.com\/portal\/2025\/04\/17\/pedro-alcantara-e-o-novo-secretario-de-meio-ambiente-de-petropolis\/","title":{"rendered":"Pedro Alc\u00e2ntara \u00e9 o novo secret\u00e1rio de Meio Ambiente de Petr\u00f3polis"},"content":{"rendered":"\n<p>A prefeitura de Petr\u00f3polis publicou no Di\u00e1rio Oficial de quarta-feira (16), a nomea\u00e7\u00e3o do novo secret\u00e1rio de Meio Ambiente. A pasta passa a ser administrada por Pedro Alc\u00e2ntara em substitui\u00e7\u00e3o ao vice-prefeito, Albano Batista, Baninho, que solicitou a sa\u00edda ap\u00f3s apresentar problemas de sa\u00fade.<\/p>\n\n\n\n<p>Servidor de carreira da Prefeitura, Pedro \u00e9 formado em engenharia civil e possui p\u00f3s-gradua\u00e7\u00e3o em meio ambiente, al\u00e9m de j\u00e1 ter atuado em diversos cargos no munic\u00edpio, como de diretor t\u00e9cnico e operacional da defesa civil e diretor de regulariza\u00e7\u00e3o fundi\u00e1ria.<\/p>\n\n\n\n<p>\u201cPedro \u00e9 um servidor do munic\u00edpio e profissional da \u00e1rea ambiental. Sua chegada ao time de secret\u00e1rios est\u00e1 sendo bem-vinda pela forma\u00e7\u00e3o t\u00e9cnica na \u00e1rea e os projetos que vem desenvolvendo ao longo dos anos\u201d, afirmou o Prefeito, Hingo Hammes.<\/p>\n\n\n\n<p>\u201cSinto que posso contribuir muito para a nossa cidade e tenho isso como miss\u00e3o de vida. Sou petropolitano e acredito que a pasta do meio ambiente \u00e9 fundamental para o desenvolvimento da cidade\u201d, afirmou Pedro. \u201cTemos muitas \u00e1reas a serem trabalhadas na secretaria, muitos projetos de impacto e seguir a agenda 2030 com o cumprimentos dos objetivos de desenvolvimento sustent\u00e1vel estabelecidos pela ONU\u201d, concluiu.<\/p>\n\n\n\n<p>Baninho solicitou a sa\u00edda do cargo de secret\u00e1rio e segue como vice-prefeito.<\/p>\n","protected":false},"excerpt":{"rendered":"<p>A prefeitura de Petr\u00f3polis publicou no Di\u00e1rio Oficial de quarta-feira (16), a nomea\u00e7\u00e3o do novo<\/p>\n","protected":false},"author":2,"featured_media":102676,"comment_status":"open","ping_status":"open","sticky":false,"template":"","format":"standard","meta":{"footnotes":""},"categories":[12],"tags":[],"class_list":["post-102675","post","type-post","status-publish","format-standard","has-post-thumbnail","hentry","category-cidade"],"_links":{"self":[{"href":"https:\/\/tvc16.com\/portal\/wp-json\/wp\/v2\/posts\/102675","targetHints":{"allow":["GET"]}}],"collection":[{"href":"https:\/\/tvc16.com\/portal\/wp-json\/wp\/v2\/posts"}],"about":[{"href":"https:\/\/tvc16.com\/portal\/wp-json\/wp\/v2\/types\/post"}],"author":[{"embeddable":true,"href":"https:\/\/tvc16.com\/portal\/wp-json\/wp\/v2\/users\/2"}],"replies":[{"embeddable":true,"href":"https:\/\/tvc16.com\/portal\/wp-json\/wp\/v2\/comments?post=102675"}],"version-history":[{"count":2,"href":"https:\/\/tvc16.com\/portal\/wp-json\/wp\/v2\/posts\/102675\/revisions"}],"predecessor-version":[{"id":102708,"href":"https:\/\/tvc16.com\/portal\/wp-json\/wp\/v2\/posts\/102675\/revisions\/102708"}],"wp:featuredmedia":[{"embeddable":true,"href":"https:\/\/tvc16.com\/portal\/wp-json\/wp\/v2\/media\/102676"}],"wp:attachment":[{"href":"https:\/\/tvc16.com\/portal\/wp-json\/wp\/v2\/media?parent=102675"}],"wp:term":[{"taxonomy":"category","embeddable":true,"href":"https:\/\/tvc16.com\/portal\/wp-json\/wp\/v2\/categories?post=102675"},{"taxonomy":"post_tag","embeddable":true,"href":"https:\/\/tvc16.com\/portal\/wp-json\/wp\/v2\/tags?post=102675"}],"curies":[{"name":"wp","href":"https:\/\/api.w.org\/{rel}","templated":true}]}}