{"id":102686,"date":"2025-04-19T07:00:00","date_gmt":"2025-04-19T10:00:00","guid":{"rendered":"https:\/\/tvc16.com\/portal\/?p=102686"},"modified":"2025-04-17T14:14:10","modified_gmt":"2025-04-17T17:14:10","slug":"alerj-aprova-projeto-que-incentiva-a-contratacao-de-recem-formados-em-enfermagem","status":"publish","type":"post","link":"https:\/\/tvc16.com\/portal\/2025\/04\/19\/alerj-aprova-projeto-que-incentiva-a-contratacao-de-recem-formados-em-enfermagem\/","title":{"rendered":"Alerj aprova projeto que incentiva a contrata\u00e7\u00e3o de rec\u00e9m-formados em enfermagem"},"content":{"rendered":"\n<p>Proposta da deputada Lilian Behring foca em capacita\u00e7\u00e3o e inclus\u00e3o no mercado de trabalho, com acesso ao primeiro emprego para profissionais da sa\u00fade no Rio de Janeiro<\/p>\n\n\n\n<p>Foi aprovado na \u00faltima quarta-feira, 16, em primeira discuss\u00e3o na Assembleia Legislativa do Estado do Rio de Janeiro (Alerj), o Projeto de Lei n\u00ba 4629\/2025, de autoria da deputada estadual Lilian Behring (PCdoB), que institui diretrizes para a inser\u00e7\u00e3o de enfermeiros, t\u00e9cnicos e auxiliares de enfermagem rec\u00e9m-formados no mercado de trabalho fluminense.<\/p>\n\n\n\n<p>O texto prop\u00f5e a cria\u00e7\u00e3o de pol\u00edticas p\u00fablicas voltadas \u00e0 capacita\u00e7\u00e3o, gera\u00e7\u00e3o de emprego e valoriza\u00e7\u00e3o dos profissionais da enfermagem em in\u00edcio de carreira, incluindo o est\u00edmulo ao empreendedorismo, cooperativismo e parcerias com o terceiro setor. O objetivo \u00e9 garantir acesso a oportunidades e condi\u00e7\u00f5es dignas de trabalho logo ap\u00f3s a forma\u00e7\u00e3o.<\/p>\n\n\n\n<p>\u201cEssa \u00e9 uma conquista muito simb\u00f3lica para mim e para a enfermagem\u201d, celebrou a deputada Lilian Behring. \u201cMenos de quatro meses de mandato e j\u00e1 conseguimos aprovar, em primeira discuss\u00e3o, um projeto importante, sem nenhuma emenda. Isso mostra que estamos no caminho certo, com seriedade, compromisso e t\u00e9cnica.\u201d<\/p>\n\n\n\n<p>O PL, que ainda passar\u00e1 por uma segunda vota\u00e7\u00e3o antes de ser sancionado, j\u00e1 nasce como um marco na atua\u00e7\u00e3o parlamentar da deputada, que \u00e9 enfermeira de forma\u00e7\u00e3o. Em pouco mais de 100 dias de mandato, Lilian Behring apresentou mais de 20 projetos de lei. A aprova\u00e7\u00e3o deste primeiro PL \u00e9, segundo ela, a prova de que \u00e9 poss\u00edvel fazer pol\u00edtica com efici\u00eancia e prop\u00f3sito.<\/p>\n\n\n\n<p>\u201cN\u00f3s estamos trazendo a voz da enfermagem para dentro da pol\u00edtica, com protagonismo. Com certeza um avan\u00e7o imenso para a sa\u00fade p\u00fablica do Rio de Janeiro. E \u00e9 s\u00f3 o come\u00e7o\u201d, afirmou Behring.<\/p>\n\n\n\n<p>O projeto n\u00e3o imp\u00f5e obriga\u00e7\u00f5es diretas ao Executivo, mas estimula a\u00e7\u00f5es coordenadas por \u00f3rg\u00e3os como a Secretaria de Desenvolvimento Profissional e Empreendedorismo para viabilizar pol\u00edticas de primeiro emprego. A proposta se inspira em experi\u00eancias bem-sucedidas em outros estados, como o Distrito Federal e Pernambuco, onde legisla\u00e7\u00f5es semelhantes contribu\u00edram para a gera\u00e7\u00e3o de empregos na \u00e1rea da sa\u00fade.<\/p>\n\n\n\n<p>Foto: Hevelin Costa<\/p>\n\n\n\n<p><\/p>\n","protected":false},"excerpt":{"rendered":"<p>Proposta da deputada Lilian Behring foca em capacita\u00e7\u00e3o e inclus\u00e3o no mercado de trabalho, com<\/p>\n","protected":false},"author":2,"featured_media":102689,"comment_status":"open","ping_status":"open","sticky":false,"template":"","format":"standard","meta":{"footnotes":""},"categories":[17],"tags":[],"class_list":["post-102686","post","type-post","status-publish","format-standard","has-post-thumbnail","hentry","category-outras-noticias"],"_links":{"self":[{"href":"https:\/\/tvc16.com\/portal\/wp-json\/wp\/v2\/posts\/102686","targetHints":{"allow":["GET"]}}],"collection":[{"href":"https:\/\/tvc16.com\/portal\/wp-json\/wp\/v2\/posts"}],"about":[{"href":"https:\/\/tvc16.com\/portal\/wp-json\/wp\/v2\/types\/post"}],"author":[{"embeddable":true,"href":"https:\/\/tvc16.com\/portal\/wp-json\/wp\/v2\/users\/2"}],"replies":[{"embeddable":true,"href":"https:\/\/tvc16.com\/portal\/wp-json\/wp\/v2\/comments?post=102686"}],"version-history":[{"count":1,"href":"https:\/\/tvc16.com\/portal\/wp-json\/wp\/v2\/posts\/102686\/revisions"}],"predecessor-version":[{"id":102691,"href":"https:\/\/tvc16.com\/portal\/wp-json\/wp\/v2\/posts\/102686\/revisions\/102691"}],"wp:featuredmedia":[{"embeddable":true,"href":"https:\/\/tvc16.com\/portal\/wp-json\/wp\/v2\/media\/102689"}],"wp:attachment":[{"href":"https:\/\/tvc16.com\/portal\/wp-json\/wp\/v2\/media?parent=102686"}],"wp:term":[{"taxonomy":"category","embeddable":true,"href":"https:\/\/tvc16.com\/portal\/wp-json\/wp\/v2\/categories?post=102686"},{"taxonomy":"post_tag","embeddable":true,"href":"https:\/\/tvc16.com\/portal\/wp-json\/wp\/v2\/tags?post=102686"}],"curies":[{"name":"wp","href":"https:\/\/api.w.org\/{rel}","templated":true}]}}