{"id":102687,"date":"2025-04-17T14:13:51","date_gmt":"2025-04-17T17:13:51","guid":{"rendered":"https:\/\/tvc16.com\/portal\/?p=102687"},"modified":"2025-04-17T14:13:52","modified_gmt":"2025-04-17T17:13:52","slug":"prefeitura-de-petropolis-inicia-obras-da-nova-ubs-do-alto-da-serra","status":"publish","type":"post","link":"https:\/\/tvc16.com\/portal\/2025\/04\/17\/prefeitura-de-petropolis-inicia-obras-da-nova-ubs-do-alto-da-serra\/","title":{"rendered":"Prefeitura de Petr\u00f3polis inicia obras da nova UBS do Alto da Serra"},"content":{"rendered":"\n<p>A Prefeitura de Petr\u00f3polis, atrav\u00e9s da Secretaria Municipal de Sa\u00fade, iniciou na \u00faltima segunda-feira (14) as obras de constru\u00e7\u00e3o e adequa\u00e7\u00e3o para implantar uma nova Unidade B\u00e1sica de Sa\u00fade (UBS) do bairro Alto da Serra. A obra, or\u00e7ada em R$ 3.120.000,00, est\u00e1 sendo realizada com recurso federal, atrav\u00e9s do Novo Pac (Programa de Acelera\u00e7\u00e3o do Crescimento).<\/p>\n\n\n\n<p>\u201cCom este recurso que recebemos do governo federal vamos ampliar o atendimento de sa\u00fade da popula\u00e7\u00e3o do Alto da Serra. Nosso objetivo \u00e9 mudar a realidade dessa regi\u00e3o que foi t\u00e3o castigada com as chuvas de 2022\u201d comentou o prefeito Hingo Hammes.<\/p>\n\n\n\n<p>A nova Unidade B\u00e1sica de Sa\u00fade ter\u00e1 um modelo ampliado, como uma policl\u00ednica, e ser\u00e1 composta por tr\u00eas equipes de Estrat\u00e9gia de Sa\u00fade da Fam\u00edlia. Al\u00e9m do atendimento m\u00e9dico, a unidade vai oferecer atendimentos de fisioterapia, psicologia e nutri\u00e7\u00e3o.<\/p>\n\n\n\n<p>\u201cA nova UBS vai formar, junto com o Pronto Socorro Le\u00f4nidas Sampaio, um grande complexo de sa\u00fade p\u00fablica para atender a popula\u00e7\u00e3o do Alto da Serra e localidades pr\u00f3ximas\u201d, explica o Secret\u00e1rio de Sa\u00fade, Lu\u00eds Cruzick.<\/p>\n\n\n\n<p>A UBS ser\u00e1 instalada no local onde funcionava a Escola Municipal Vereador Jos\u00e9 Fernandes da Silva, desativada depois das chuvas de 2022. O local passou por obras de conten\u00e7\u00e3o para dar seguran\u00e7a ao pr\u00e9dio. A obra de instala\u00e7\u00e3o e adequa\u00e7\u00e3o do im\u00f3vel inclui estrutura\u00e7\u00e3o completa das salas, com pisos e pintura novos, al\u00e9m da renova\u00e7\u00e3o das redes de el\u00e9trica e hidr\u00e1ulica.<\/p>\n","protected":false},"excerpt":{"rendered":"<p>A Prefeitura de Petr\u00f3polis, atrav\u00e9s da Secretaria Municipal de Sa\u00fade, iniciou na \u00faltima segunda-feira (14)<\/p>\n","protected":false},"author":2,"featured_media":102688,"comment_status":"open","ping_status":"open","sticky":false,"template":"","format":"standard","meta":{"footnotes":""},"categories":[12],"tags":[],"class_list":["post-102687","post","type-post","status-publish","format-standard","has-post-thumbnail","hentry","category-cidade"],"_links":{"self":[{"href":"https:\/\/tvc16.com\/portal\/wp-json\/wp\/v2\/posts\/102687","targetHints":{"allow":["GET"]}}],"collection":[{"href":"https:\/\/tvc16.com\/portal\/wp-json\/wp\/v2\/posts"}],"about":[{"href":"https:\/\/tvc16.com\/portal\/wp-json\/wp\/v2\/types\/post"}],"author":[{"embeddable":true,"href":"https:\/\/tvc16.com\/portal\/wp-json\/wp\/v2\/users\/2"}],"replies":[{"embeddable":true,"href":"https:\/\/tvc16.com\/portal\/wp-json\/wp\/v2\/comments?post=102687"}],"version-history":[{"count":1,"href":"https:\/\/tvc16.com\/portal\/wp-json\/wp\/v2\/posts\/102687\/revisions"}],"predecessor-version":[{"id":102690,"href":"https:\/\/tvc16.com\/portal\/wp-json\/wp\/v2\/posts\/102687\/revisions\/102690"}],"wp:featuredmedia":[{"embeddable":true,"href":"https:\/\/tvc16.com\/portal\/wp-json\/wp\/v2\/media\/102688"}],"wp:attachment":[{"href":"https:\/\/tvc16.com\/portal\/wp-json\/wp\/v2\/media?parent=102687"}],"wp:term":[{"taxonomy":"category","embeddable":true,"href":"https:\/\/tvc16.com\/portal\/wp-json\/wp\/v2\/categories?post=102687"},{"taxonomy":"post_tag","embeddable":true,"href":"https:\/\/tvc16.com\/portal\/wp-json\/wp\/v2\/tags?post=102687"}],"curies":[{"name":"wp","href":"https:\/\/api.w.org\/{rel}","templated":true}]}}