{"id":102692,"date":"2025-04-17T10:15:02","date_gmt":"2025-04-17T13:15:02","guid":{"rendered":"https:\/\/tvc16.com\/portal\/?p=102692"},"modified":"2025-04-17T14:15:16","modified_gmt":"2025-04-17T17:15:16","slug":"acao-com-caes-farejadores-da-guarda-civil-termina-com-apreensao-de-cocaina-na-vila-sao-jose","status":"publish","type":"post","link":"https:\/\/tvc16.com\/portal\/2025\/04\/17\/acao-com-caes-farejadores-da-guarda-civil-termina-com-apreensao-de-cocaina-na-vila-sao-jose\/","title":{"rendered":"A\u00e7\u00e3o com c\u00e3es farejadores da Guarda Civil termina com apreens\u00e3o de coca\u00edna na Vila S\u00e3o Jos\u00e9"},"content":{"rendered":"\n<p>Uma opera\u00e7\u00e3o com c\u00e3es farejadores da Guarda Civil terminou com apreens\u00e3o de 70 tubos de coca\u00edna na Vila S\u00e3o Jos\u00e9 na noite dessa ter\u00e7a-feira (15\/04). A partir de den\u00fancia an\u00f4nima sobre tr\u00e1fico na regi\u00e3o, o Grupamento de A\u00e7\u00f5es com C\u00e3es foi acionado e encontrou a droga em uma sacola deixada no local. Nenhum suspeito de ser dono das drogas foi localizado durante o patrulhamento. O material foi encaminhado para a 105\u00aa DP (Retiro), onde a ocorr\u00eancia foi registrada.<\/p>\n\n\n\n<p>Foto: divulga\u00e7\u00e3o<\/p>\n","protected":false},"excerpt":{"rendered":"<p>Uma opera\u00e7\u00e3o com c\u00e3es farejadores da Guarda Civil terminou com apreens\u00e3o de 70 tubos de<\/p>\n","protected":false},"author":2,"featured_media":102694,"comment_status":"open","ping_status":"open","sticky":false,"template":"","format":"standard","meta":{"footnotes":""},"categories":[12],"tags":[],"class_list":["post-102692","post","type-post","status-publish","format-standard","has-post-thumbnail","hentry","category-cidade"],"_links":{"self":[{"href":"https:\/\/tvc16.com\/portal\/wp-json\/wp\/v2\/posts\/102692","targetHints":{"allow":["GET"]}}],"collection":[{"href":"https:\/\/tvc16.com\/portal\/wp-json\/wp\/v2\/posts"}],"about":[{"href":"https:\/\/tvc16.com\/portal\/wp-json\/wp\/v2\/types\/post"}],"author":[{"embeddable":true,"href":"https:\/\/tvc16.com\/portal\/wp-json\/wp\/v2\/users\/2"}],"replies":[{"embeddable":true,"href":"https:\/\/tvc16.com\/portal\/wp-json\/wp\/v2\/comments?post=102692"}],"version-history":[{"count":1,"href":"https:\/\/tvc16.com\/portal\/wp-json\/wp\/v2\/posts\/102692\/revisions"}],"predecessor-version":[{"id":102696,"href":"https:\/\/tvc16.com\/portal\/wp-json\/wp\/v2\/posts\/102692\/revisions\/102696"}],"wp:featuredmedia":[{"embeddable":true,"href":"https:\/\/tvc16.com\/portal\/wp-json\/wp\/v2\/media\/102694"}],"wp:attachment":[{"href":"https:\/\/tvc16.com\/portal\/wp-json\/wp\/v2\/media?parent=102692"}],"wp:term":[{"taxonomy":"category","embeddable":true,"href":"https:\/\/tvc16.com\/portal\/wp-json\/wp\/v2\/categories?post=102692"},{"taxonomy":"post_tag","embeddable":true,"href":"https:\/\/tvc16.com\/portal\/wp-json\/wp\/v2\/tags?post=102692"}],"curies":[{"name":"wp","href":"https:\/\/api.w.org\/{rel}","templated":true}]}}