{"id":102693,"date":"2025-04-19T07:00:00","date_gmt":"2025-04-19T10:00:00","guid":{"rendered":"https:\/\/tvc16.com\/portal\/?p=102693"},"modified":"2025-04-17T14:15:34","modified_gmt":"2025-04-17T17:15:34","slug":"casa-da-princesa-isabel-em-petropolis-estara-aberta-a-visitacao-durante-o-feriado-prolongado-com-a-exposicao-coragem-e-fe","status":"publish","type":"post","link":"https:\/\/tvc16.com\/portal\/2025\/04\/19\/casa-da-princesa-isabel-em-petropolis-estara-aberta-a-visitacao-durante-o-feriado-prolongado-com-a-exposicao-coragem-e-fe\/","title":{"rendered":"Casa da Princesa Isabel, em Petr\u00f3polis, estar\u00e1 aberta \u00e0 visita\u00e7\u00e3o durante o feriado prolongado com a exposi\u00e7\u00e3o \u201cCoragem e F\u00e9\u201d"},"content":{"rendered":"\n<p>Visita\u00e7\u00e3o estar\u00e1 dispon\u00edvel nos dias 19, 20, 21 e 22 de abril, das 10h \u00e0s 18h<\/p>\n\n\n\n<p>A hist\u00f3rica Casa da Princesa Isabel, no Centro de Petr\u00f3polis, estar\u00e1 aberta ao p\u00fablico durante o feriado prolongado deste m\u00eas de abril para visita\u00e7\u00e3o \u00e0 mostra \u201cCoragem e F\u00e9: A Coloniza\u00e7\u00e3o Germ\u00e2nica de Petr\u00f3polis\u201d. Trata-se de uma oportunidade rara de acesso a um dos im\u00f3veis mais emblem\u00e1ticos da cidade, cuja abertura ao p\u00fablico se d\u00e1 exclusivamente por ocasi\u00e3o da exposi\u00e7\u00e3o.<\/p>\n\n\n\n<p>Desde sua inaugura\u00e7\u00e3o, a mostra j\u00e1 recebeu mais de 85 mil visitantes, entre moradores da cidade, estudantes, turistas brasileiros e estrangeiros. Com pesquisa, curadoria e execu\u00e7\u00e3o dos artistas Lorena, Val\u00e9ria, S\u00e9rgio e Henriqueta Bortolotti, membros de uma mesma fam\u00edlia, a exposi\u00e7\u00e3o foi laureada em 2022 com o Pr\u00eamio Nair de Tef\u00e9, da Academia Petropolitana de Letras, e se notabiliza pelo conjunto de esculturas em papel mach\u00ea, que retratam com grande apuro t\u00e9cnico e sensibilidade epis\u00f3dios ligados \u00e0 coloniza\u00e7\u00e3o germ\u00e2nica do munic\u00edpio.<\/p>\n\n\n\n<p>O acervo re\u00fane mais de 40 pe\u00e7as, entre miniaturas e figuras em tamanho real, confeccionadas ao longo de uma d\u00e9cada de trabalho. Entre as representa\u00e7\u00f5es mais procuradas pelo p\u00fablico est\u00e3o as esculturas de Dom Pedro II, da Princesa Isabel e do \u201cMenino Vendedor de Caqui\u201d. A exposi\u00e7\u00e3o tamb\u00e9m oferece visitas guiadas e, desde o ano passado, passou a incluir legendas com QR codes em ingl\u00eas, ampliando seu alcance junto ao p\u00fablico estrangeiro.<\/p>\n\n\n\n<p>Mais sobre a Casa da Princesa Isabel<\/p>\n\n\n\n<p>Constru\u00edda por volta de 1853, a casa teve como primeiro propriet\u00e1rio o Bar\u00e3o de Pilar. Em 1874, foi alugada pelo Conde d\u2019Eu, ent\u00e3o genro do imperador Dom Pedro II, e dois anos depois, em 1876, foi adquirida definitivamente por ele e pela Princesa Isabel. No im\u00f3vel, nasceram os dois primeiros filhos do casal.<\/p>\n\n\n\n<p>Ap\u00f3s a Proclama\u00e7\u00e3o da Rep\u00fablica e o consequente ex\u00edlio da Fam\u00edlia Imperial, a resid\u00eancia passou a abrigar diferentes institui\u00e7\u00f5es, entre elas miss\u00f5es diplom\u00e1ticas e estabelecimentos de ensino, e hoje abriga a Cia Imobili\u00e1ria de Petr\u00f3polis, pertencente aos descendentes da fam\u00edlia Orleans e Bragan\u00e7a.<\/p>\n\n\n\n<p>Sua abertura ao p\u00fablico se d\u00e1 de maneira pontual, mediante autoriza\u00e7\u00e3o da Fam\u00edlia Imperial, e exclusivamente durante a realiza\u00e7\u00e3o da exposi\u00e7\u00e3o \u2014 o que confere \u00e0 visita um car\u00e1ter ainda mais especial.<\/p>\n\n\n\n<p>Ingressos<\/p>\n\n\n\n<p>Os ingressos custam R$ 30 (inteira) e R$ 15 (meia-entrada). T\u00eam direito \u00e0 meia estudantes, professores e pessoas com mais de 60 anos, mediante apresenta\u00e7\u00e3o de comprovante. Crian\u00e7as de at\u00e9 cinco anos n\u00e3o pagam. Pessoas com defici\u00eancia t\u00eam entrada gratuita, e, nos casos em que necessitam de acompanhante, este tamb\u00e9m \u00e9 isento. A visita\u00e7\u00e3o estar\u00e1 dispon\u00edvel nos dias 19, 20, 21 e 22 de abril, das 10h \u00e0s 18h. Nos dias 18 (sexta-feira) e 23 (quarta-feira), a casa estar\u00e1 fechada. Mais informa\u00e7\u00f5es podem ser obtidas pelo telefone\/WhatsApp: (24) 98807-6057 ou perfil no Instagram @coragem.e.fe.<\/p>\n","protected":false},"excerpt":{"rendered":"<p>Visita\u00e7\u00e3o estar\u00e1 dispon\u00edvel nos dias 19, 20, 21 e 22 de abril, das 10h \u00e0s<\/p>\n","protected":false},"author":2,"featured_media":102695,"comment_status":"open","ping_status":"open","sticky":false,"template":"","format":"standard","meta":{"footnotes":""},"categories":[12],"tags":[],"class_list":["post-102693","post","type-post","status-publish","format-standard","has-post-thumbnail","hentry","category-cidade"],"_links":{"self":[{"href":"https:\/\/tvc16.com\/portal\/wp-json\/wp\/v2\/posts\/102693","targetHints":{"allow":["GET"]}}],"collection":[{"href":"https:\/\/tvc16.com\/portal\/wp-json\/wp\/v2\/posts"}],"about":[{"href":"https:\/\/tvc16.com\/portal\/wp-json\/wp\/v2\/types\/post"}],"author":[{"embeddable":true,"href":"https:\/\/tvc16.com\/portal\/wp-json\/wp\/v2\/users\/2"}],"replies":[{"embeddable":true,"href":"https:\/\/tvc16.com\/portal\/wp-json\/wp\/v2\/comments?post=102693"}],"version-history":[{"count":1,"href":"https:\/\/tvc16.com\/portal\/wp-json\/wp\/v2\/posts\/102693\/revisions"}],"predecessor-version":[{"id":102697,"href":"https:\/\/tvc16.com\/portal\/wp-json\/wp\/v2\/posts\/102693\/revisions\/102697"}],"wp:featuredmedia":[{"embeddable":true,"href":"https:\/\/tvc16.com\/portal\/wp-json\/wp\/v2\/media\/102695"}],"wp:attachment":[{"href":"https:\/\/tvc16.com\/portal\/wp-json\/wp\/v2\/media?parent=102693"}],"wp:term":[{"taxonomy":"category","embeddable":true,"href":"https:\/\/tvc16.com\/portal\/wp-json\/wp\/v2\/categories?post=102693"},{"taxonomy":"post_tag","embeddable":true,"href":"https:\/\/tvc16.com\/portal\/wp-json\/wp\/v2\/tags?post=102693"}],"curies":[{"name":"wp","href":"https:\/\/api.w.org\/{rel}","templated":true}]}}