{"id":102698,"date":"2025-04-17T10:16:05","date_gmt":"2025-04-17T13:16:05","guid":{"rendered":"https:\/\/tvc16.com\/portal\/?p=102698"},"modified":"2025-04-17T14:16:17","modified_gmt":"2025-04-17T17:16:17","slug":"programa-crianca-feliz-e-unidades-do-cras-fazem-comemoracoes-de-pascoa","status":"publish","type":"post","link":"https:\/\/tvc16.com\/portal\/2025\/04\/17\/programa-crianca-feliz-e-unidades-do-cras-fazem-comemoracoes-de-pascoa\/","title":{"rendered":"Programa Crian\u00e7a Feliz e unidades do Cras fazem comemora\u00e7\u00f5es de P\u00e1scoa"},"content":{"rendered":"\n<p>A semana da P\u00e1scoa tem sido de comemora\u00e7\u00f5es para quem \u00e9 atendido pelo Crian\u00e7a Feliz e pelos 11 Centros de Refer\u00eancia em Assist\u00eancia Social (Cras) da cidade. O programa e os equipamentos geridos pela Secretaria de Assist\u00eancia Social est\u00e3o promovendo a\u00e7\u00f5es para marcar a data, incluindo entrega de chocolate.<\/p>\n\n\n\n<p>&#8220;Nossos programas de assist\u00eancia social tem um olhar muito especial para as pessoas atendidas, que precisam de todo carinho e cuidado poss\u00edveis. Em uma semana como essa, com todo significado que a P\u00e1scoa tem, \u00e9 muito bonito ver a dedica\u00e7\u00e3o que o nosso pessoal tem com as pessoas que participam dessas a\u00e7\u00f5es&#8221;, destaca o prefeito Hingo Hammes.<\/p>\n\n\n\n<p>O Programa Crian\u00e7a Feliz acompanha 661 pessoas no total em Petr\u00f3polis, sendo 608 crian\u00e7as at\u00e9 tr\u00eas anos de idade, 14 que tem at\u00e9 seis e que recebem Benef\u00edcio de Presta\u00e7\u00e3o Continuada (BPC) e 39 gestantes. Os participantes precisam estar inscritos no Cad\u00danico (Cadastro \u00danico).<\/p>\n\n\n\n<p>Nesta quarta-feira (16\/04), as crian\u00e7as das Comunidades do Alem\u00e3o e do Neylor ganharam a visita especial para ganhar os presentes de P\u00e1scoa. Moradora do Alem\u00e3o, Gisele Ara\u00fajo, que tem a filha Elo\u00e1 acompanhada h\u00e1 cerca de um ano, diz que v\u00ea evolu\u00e7\u00e3o na menina.<\/p>\n\n\n\n<p>&#8220;O projeto ajuda muito no desenvolvimento mais r\u00e1pido da crian\u00e7a. A Elo\u00e1 apreendeu muita coisa, ela j\u00e1 anda se apoiando, ela fala muitas palavras. E essa a\u00e7\u00e3o da P\u00e1scoa \u00e9 muito boa, as crian\u00e7as ganhando chocolate eu acho muito interessante&#8221;, disse.<\/p>\n\n\n\n<p>No Neylor, Evelyn Oliveira \u00e9 s\u00f3 agradecimento pelo cuidado oferecidos pelas orientadoras do programa.<\/p>\n\n\n\n<p>&#8220;Elas ajudam, perguntam como est\u00e1 a crian\u00e7a, vem toda semana perguntar e nos ver. Elas t\u00eam as outras crian\u00e7as, mas sempre vem aqui saber da gente. A intimidade entre elas e eu, \u00e9 como se elas fossem da fam\u00edlia mesmo. Eu tenho s\u00f3 que agradecer&#8221;, afirma.<\/p>\n\n\n\n<p>Cada orientadoras sociais atendem um dos 23 territ\u00f3rios onde programa \u00e9 realizado, cobrindo toda a cidade, do Meio da Serra ao distrito da Posse. Elas fazem visitas domiciliares, semanalmente no caso das crian\u00e7as menores e a cada 15 dias para os demais p\u00fablicos atendidos. Nesses encontros, s\u00e3o promovidas atividades para desenvolver coordena\u00e7\u00e3o motora, cogni\u00e7\u00e3o, linguagem e v\u00ednculo familiar.<\/p>\n\n\n\n<p>S\u00e3o atividades simples, muitas vezes utilizando objetos que a pr\u00f3pria fam\u00edlias tem em casa, ou mesmo materiais recicl\u00e1veis, elaboradas de acordo com a idade da crian\u00e7a atendida e realizadas pela m\u00e3e ou cuidador com crian\u00e7a.<\/p>\n\n\n\n<p>&#8220;Observamos que essas crian\u00e7as tem um melhor desenvolvimento com as atividades que s\u00e3o realizadas. Principalmente as crian\u00e7as que est\u00e3o programa desde a vida intrauterina. Um dos nossos desafios \u00e9 fazer que a cuidadora entenda a import\u00e2ncia de construir esse v\u00ednculo familiar e estimular seus filhos&#8221;, explica a psic\u00f3loga Fl\u00e1via Ara\u00fajo, que \u00e9 uma das supervisoras do programa em Petr\u00f3polis.<\/p>\n\n\n\n<p>&#8220;Essa a\u00e7\u00e3o visa estreitar mais os v\u00ednculos familiares levando um carinho para as crian\u00e7as. N\u00e3o \u00e9 s\u00f3 uma entrega de chocolate, \u00e9 uma forma de mostrar que elas s\u00e3o importantes, mesmo que com uma pequena lembran\u00e7a. \u00c0s vezes, em algumas casas, esse \u00e9 o \u00fanico presente de P\u00e1scoa que elas v\u00e3o receber&#8221;, diz a secret\u00e1ria de Assist\u00eancia Social, Adriana Kreischer.<\/p>\n\n\n\n<p>Comemora\u00e7\u00e3o nos Cras<\/p>\n\n\n\n<p>Tamb\u00e9m h\u00e1 comemora\u00e7\u00e3o de P\u00e1scoa acontecendo nos Centro de Refer\u00eancia em Assist\u00eancia Social (Cras). Todos as 11 unidades (Alto da Serra, Carangola, Centro, Corr\u00eaas, Independ\u00eancia, Itaipava, Madame Machado, Pedro do Rio, Posse, Quitandinha e Retiro) est\u00e3o promovendo confraterniza\u00e7\u00f5es nos grupos de reflex\u00e3o de mulheres e de adolescentes desde a semana passada at\u00e9 esta quarta-feira (16).<\/p>\n\n\n\n<p>Esses grupos se re\u00fanem semanalmente em atividades do Servi\u00e7o de Conviv\u00eancia e Fortalecimento de V\u00ednculos Familiares, alcan\u00e7ando cerca de 120 pessoas no total.<\/p>\n","protected":false},"excerpt":{"rendered":"<p>A semana da P\u00e1scoa tem sido de comemora\u00e7\u00f5es para quem \u00e9 atendido pelo Crian\u00e7a Feliz<\/p>\n","protected":false},"author":2,"featured_media":102699,"comment_status":"open","ping_status":"open","sticky":false,"template":"","format":"standard","meta":{"footnotes":""},"categories":[12],"tags":[],"class_list":["post-102698","post","type-post","status-publish","format-standard","has-post-thumbnail","hentry","category-cidade"],"_links":{"self":[{"href":"https:\/\/tvc16.com\/portal\/wp-json\/wp\/v2\/posts\/102698","targetHints":{"allow":["GET"]}}],"collection":[{"href":"https:\/\/tvc16.com\/portal\/wp-json\/wp\/v2\/posts"}],"about":[{"href":"https:\/\/tvc16.com\/portal\/wp-json\/wp\/v2\/types\/post"}],"author":[{"embeddable":true,"href":"https:\/\/tvc16.com\/portal\/wp-json\/wp\/v2\/users\/2"}],"replies":[{"embeddable":true,"href":"https:\/\/tvc16.com\/portal\/wp-json\/wp\/v2\/comments?post=102698"}],"version-history":[{"count":1,"href":"https:\/\/tvc16.com\/portal\/wp-json\/wp\/v2\/posts\/102698\/revisions"}],"predecessor-version":[{"id":102700,"href":"https:\/\/tvc16.com\/portal\/wp-json\/wp\/v2\/posts\/102698\/revisions\/102700"}],"wp:featuredmedia":[{"embeddable":true,"href":"https:\/\/tvc16.com\/portal\/wp-json\/wp\/v2\/media\/102699"}],"wp:attachment":[{"href":"https:\/\/tvc16.com\/portal\/wp-json\/wp\/v2\/media?parent=102698"}],"wp:term":[{"taxonomy":"category","embeddable":true,"href":"https:\/\/tvc16.com\/portal\/wp-json\/wp\/v2\/categories?post=102698"},{"taxonomy":"post_tag","embeddable":true,"href":"https:\/\/tvc16.com\/portal\/wp-json\/wp\/v2\/tags?post=102698"}],"curies":[{"name":"wp","href":"https:\/\/api.w.org\/{rel}","templated":true}]}}