{"id":10270,"date":"2021-02-11T17:04:42","date_gmt":"2021-02-11T20:04:42","guid":{"rendered":"https:\/\/tvc16.com\/portal\/?p=10270"},"modified":"2021-02-11T17:04:44","modified_gmt":"2021-02-11T20:04:44","slug":"abate-de-suinos-e-frangos-cresceu-no-quarto-trimestre-de-2020","status":"publish","type":"post","link":"https:\/\/tvc16.com\/portal\/2021\/02\/11\/abate-de-suinos-e-frangos-cresceu-no-quarto-trimestre-de-2020\/","title":{"rendered":"Abate de su\u00ednos e frangos cresceu no quarto trimestre de 2020"},"content":{"rendered":"\n<h3 class=\"wp-block-heading\">O abate de bovinos caiu 10,3% no quarto trimestre<\/h3>\n\n\n\n<h4 class=\"wp-block-heading\">Por Ana Cristina Campos \u2013 Rep\u00f3rter da Ag\u00eancia Brasil &#8211; Rio de Janeiro<\/h4>\n\n\n\n<p>Os primeiros resultados da produ\u00e7\u00e3o animal no quarto trimestre de 2020 mostram que o abate de bovinos caiu 10,3%, o de su\u00ednos aumentou 1,6% e o de frangos teve alta de 5,5% em rela\u00e7\u00e3o ao mesmo trimestre de 2019.<img decoding=\"async\" src=\"https:\/\/agenciabrasil.ebc.com.br\/ebc.png?id=1401137&amp;o=node\"><img decoding=\"async\" src=\"https:\/\/agenciabrasil.ebc.com.br\/ebc.gif?id=1401137&amp;o=node\"><\/p>\n\n\n\n<p>Os dados s\u00e3o da Estat\u00edstica da Produ\u00e7\u00e3o Pecu\u00e1ria: Primeiros Resultados, divulgada hoje (11) pelo Instituto Brasileiro de Geografia e Estat\u00edstica (IBGE).<\/p>\n\n\n\n<p>Na compara\u00e7\u00e3o com o terceiro trimestre de 2020, o abate de bovinos e su\u00ednos caiu 5,8% e 4,7%, respectivamente, e o de frangos cresceu 2,5%.<\/p>\n\n\n\n<h2 class=\"wp-block-heading\">Abate de bovinos<\/h2>\n\n\n\n<p>No quarto trimestre de 2020, foram abatidas 7,25 milh\u00f5es de cabe\u00e7as de bovinos, 10,3% a menos em compara\u00e7\u00e3o ao mesmo per\u00edodo de 2019 e uma redu\u00e7\u00e3o de 5,8% em rela\u00e7\u00e3o ao terceiro trimestre de 2020.<\/p>\n\n\n\n<p>A produ\u00e7\u00e3o de 1,96 milh\u00e3o de toneladas de carca\u00e7as bovinas mostra queda de 6,5% em rela\u00e7\u00e3o ao quarto trimestre de 2019 e diminui\u00e7\u00e3o de 4,6% em rela\u00e7\u00e3o ao terceiro trimestre de 2020.<\/p>\n\n\n\n<h2 class=\"wp-block-heading\">Abate de su\u00ednos e de frangos<\/h2>\n\n\n\n<p>J\u00e1 o abate de su\u00ednos somou 12,10 milh\u00f5es de cabe\u00e7as no quarto trimestre de 2020, representando um aumento de 1,6% em rela\u00e7\u00e3o ao mesmo trimestre do ano anterior e queda de 4,7% em compara\u00e7\u00e3o ao terceiro trimestre de 2020. O peso acumulado das carca\u00e7as registrou 1,08 milh\u00e3o de toneladas, aumento de 1,7% em rela\u00e7\u00e3o ao quarto trimestre de 2019 e queda de 7,8% em compara\u00e7\u00e3o com o trimestre anterior.<\/p>\n\n\n\n<p>Foram abatidas 1,55 bilh\u00e3o de cabe\u00e7as de frango, aumento de 5,5% em rela\u00e7\u00e3o ao quarto trimestre de 2019 e acr\u00e9scimo de 2,5% na compara\u00e7\u00e3o com o terceiro trimestre de 2020. J\u00e1 o peso acumulado das carca\u00e7as foi de 3,57 milh\u00f5es de toneladas, aumento de 5,2% em rela\u00e7\u00e3o ao quarto trimestre de 2019 e de 2,5% frente ao trimestre imediatamente anterior.<\/p>\n\n\n\n<h2 class=\"wp-block-heading\">Aquisi\u00e7\u00e3o de leite<\/h2>\n\n\n\n<p>A aquisi\u00e7\u00e3o de leite cru feita pelos estabelecimentos que atuam sob algum tipo de inspe\u00e7\u00e3o sanit\u00e1ria (federal, estadual ou municipal) foi de 6,71 bilh\u00f5es de litros. O resultado mostra um aumento de 0,6% em compara\u00e7\u00e3o ao registrado no quarto trimestre de 2019 e um incremento de 4,1% em compara\u00e7\u00e3o ao terceiro trimestre de 2020.&nbsp;<\/p>\n\n\n\n<h2 class=\"wp-block-heading\">Ovos de galinha<\/h2>\n\n\n\n<p>A produ\u00e7\u00e3o de ovos de galinha foi de 977 milh\u00f5es de d\u00fazias no quarto trimestre de 2020, uma queda de 1,5% em rela\u00e7\u00e3o ao mesmo per\u00edodo do ano anterior e uma retra\u00e7\u00e3o de 3,4% em compara\u00e7\u00e3o ao terceiro trimestre de 2020.<\/p>\n\n\n\n<h2 class=\"wp-block-heading\">Couro<\/h2>\n\n\n\n<p>Os curtumes declararam ter recebido 7,5 milh\u00f5es de pe\u00e7as inteiras de couro cru no quarto trimestre de 2020, queda de 3,9% em compara\u00e7\u00e3o ao quarto trimestre de 2019 e diminui\u00e7\u00e3o de 8,5% em rela\u00e7\u00e3o ao trimestre anterior. A Pesquisa Trimestral do Couro investiga os curtumes que efetuam curtimento de pelo menos 5 mil unidades inteiras de couro cru bovino por ano.<\/p>\n\n\n\n<p>Edi\u00e7\u00e3o: Fernando Fraga<\/p>\n","protected":false},"excerpt":{"rendered":"<p>O abate de bovinos caiu 10,3% no quarto trimestre Por Ana Cristina Campos \u2013 Rep\u00f3rter<\/p>\n","protected":false},"author":2,"featured_media":10271,"comment_status":"open","ping_status":"open","sticky":false,"template":"","format":"standard","meta":{"footnotes":""},"categories":[17],"tags":[],"class_list":["post-10270","post","type-post","status-publish","format-standard","has-post-thumbnail","hentry","category-outras-noticias"],"_links":{"self":[{"href":"https:\/\/tvc16.com\/portal\/wp-json\/wp\/v2\/posts\/10270","targetHints":{"allow":["GET"]}}],"collection":[{"href":"https:\/\/tvc16.com\/portal\/wp-json\/wp\/v2\/posts"}],"about":[{"href":"https:\/\/tvc16.com\/portal\/wp-json\/wp\/v2\/types\/post"}],"author":[{"embeddable":true,"href":"https:\/\/tvc16.com\/portal\/wp-json\/wp\/v2\/users\/2"}],"replies":[{"embeddable":true,"href":"https:\/\/tvc16.com\/portal\/wp-json\/wp\/v2\/comments?post=10270"}],"version-history":[{"count":1,"href":"https:\/\/tvc16.com\/portal\/wp-json\/wp\/v2\/posts\/10270\/revisions"}],"predecessor-version":[{"id":10272,"href":"https:\/\/tvc16.com\/portal\/wp-json\/wp\/v2\/posts\/10270\/revisions\/10272"}],"wp:featuredmedia":[{"embeddable":true,"href":"https:\/\/tvc16.com\/portal\/wp-json\/wp\/v2\/media\/10271"}],"wp:attachment":[{"href":"https:\/\/tvc16.com\/portal\/wp-json\/wp\/v2\/media?parent=10270"}],"wp:term":[{"taxonomy":"category","embeddable":true,"href":"https:\/\/tvc16.com\/portal\/wp-json\/wp\/v2\/categories?post=10270"},{"taxonomy":"post_tag","embeddable":true,"href":"https:\/\/tvc16.com\/portal\/wp-json\/wp\/v2\/tags?post=10270"}],"curies":[{"name":"wp","href":"https:\/\/api.w.org\/{rel}","templated":true}]}}