{"id":102714,"date":"2025-04-18T08:20:55","date_gmt":"2025-04-18T11:20:55","guid":{"rendered":"https:\/\/tvc16.com\/portal\/?p=102714"},"modified":"2025-04-18T08:20:57","modified_gmt":"2025-04-18T11:20:57","slug":"cptrans-divulga-interdicoes-no-transito-na-semana-santa","status":"publish","type":"post","link":"https:\/\/tvc16.com\/portal\/2025\/04\/18\/cptrans-divulga-interdicoes-no-transito-na-semana-santa\/","title":{"rendered":"CPTrans divulga interdi\u00e7\u00f5es no tr\u00e2nsito na Semana Santa"},"content":{"rendered":"\n<p>Atividades religiosas e evento comemora\u00e7\u00e3o do dia da P\u00e1scoa est\u00e3o entre as a\u00e7\u00f5es que impactam no tr\u00e2nsito.<\/p>\n\n\n\n<p>As atividades religiosas voltadas para a Semana Santa e o evento de comemora\u00e7\u00e3o da P\u00e1scoa, no Pal\u00e1cio de Cristal, est\u00e3o entre as a\u00e7\u00f5es que v\u00e3o impactar no tr\u00e2nsito a partir de hoje. Prociss\u00f5es v\u00e3o causar interdi\u00e7\u00f5es tempor\u00e1rias de ruas no centro e nos distritos. Por causa do evento no Pal\u00e1cio de Cristal a rua Padre Siqueira ter\u00e1 a m\u00e3o invertida.<\/p>\n\n\n\n<p>\u201c\u00c9 importante que o motorista fique atento \u00e0 esses cronograma de atividades para evitar transtornos. Al\u00e9m de ficar de olho nas rotas alternativas, caso precise se deslocar durante os eventos. Para garantir maior seguran\u00e7a e organiza\u00e7\u00e3o no tr\u00e2nsito, as equipes da CPTrans (a Companhia Petropolitana de Tr\u00e2nsito e Transportes) v\u00e3o estar nos locais dos eventos, orientando motoristas e pedestres\u201d, ressalta o presidente da CPTrans, Luciano Moreira.<\/p>\n\n\n\n<p>Nesta quinta-feira (17), uma prociss\u00e3o tem como ponto de partida a igreja Santa Rita de C\u00e1ssia, no Castrioto. A partida \u00e9 \u00e0s 20h e a prociss\u00e3o segue at\u00e9 o ponto final da rua Brigadeiro Castrioto. A previs\u00e3o \u00e9 de que dure uma hora. A via ser\u00e1 interditada acompanhando o avan\u00e7o da prociss\u00e3o.<\/p>\n\n\n\n<p>Na sexta-feira (18), \u00e0s 15h (at\u00e9 \u00e0s 16h) tem<br>Prociss\u00e3o do Senhor Morto partindo da Igreja S\u00e3o Thom\u00e1s de Aquino, na rua Fernandes Vieira, seguindo para as ruas Vidal de Negreiros, Felipe Camar\u00e3o, Hermog\u00eanio Silva e Henrique Dias. No mesmo hor\u00e1rio, no S\u00e3o Sebasti\u00e3o, tem Encena\u00e7\u00e3o da Paix\u00e3o de Cristo na pra\u00e7a, que fica no entorno da igreja S\u00e3o Sebasti\u00e3o. \u00c0s 16h, tem prociss\u00e3o do Senhor Morto, na igreja Santa Rita de C\u00e1ssia, no Castrioto. Ela segue pela rua Cel. Duarte da Silveira at\u00e9 o 17. Depois pela<br>Rua Bingen, Expedicion\u00e1rios e Manoel Torres, at\u00e9 a igreja do Imaculado. A dura\u00e7\u00e3o prevista \u00e9 de duas horas. Tamb\u00e9m \u00e0s 16h, tem a prociss\u00e3o do senhor morto partindo da Catedral S\u00e3o Pedro de Alc\u00e2ntara, no centro. Ela segue pela av. Ipiranga e pelas ruas Tiradentes, Imperatriz, Imperador, Nelson de S\u00e1 Earp e pra\u00e7a da Liberdade, seguindo de volta para a Catedral pela av. Koeller. Em Cascatinha, a prociss\u00e3o do Senhor Morto come\u00e7a \u00e0s 17h. Parte da igreja Matriz \u00e9 segue pela Bernardo Proen\u00e7a at\u00e9 UPA. Retornando pelo mesmo caminho novamente at\u00e9 a igreja. Em Correas, a prociss\u00e3o \u00e9 \u00e0s 17h30 no Santu\u00e1rio Nossa Senhora do Amor Divino. Ela parte da Rua Vig\u00e1rio Corr\u00eaa em dire\u00e7\u00e3o \u00e0 pra\u00e7a e retorna para a igreja. Em Nogueira tem encena\u00e7\u00e3o da Paix\u00e3o de Cristo na rua Braz Rossi, realizada pela igreja Adventista do S\u00e9timo Dia.<\/p>\n\n\n\n<p>No s\u00e1bado (19), tem prociss\u00e3o novamente no Santu\u00e1rio Nossa Senhora do amor Divino em<br>Correas, partindo da igreja \u00e0s 5h, em dire\u00e7\u00e3o \u00e0 capela Nossa Senhora da Rosa M\u00edstica, na rua \u00c1lvares de Azevedo. No Castrioto, tamb\u00e9m \u00e0s 5h, tem a prociss\u00e3o Soledade de Maria, saindo da igreja Santa Rita de C\u00e1ssia e seguindo mais uma vez em dire\u00e7\u00e3o \u00e0 igreja Imaculada Concei\u00e7\u00e3o, no Manoel Torres. No S\u00e3o Sebasti\u00e3o, \u00e0s 6h, tem prociss\u00e3o do Sil\u00eancio. Mais tarde, \u00e0s 22h, tamb\u00e9m na igreja do S\u00e3o Sebasti\u00e3o, tem a prociss\u00e3o do Senhor Ressuscitado. Ambas seguem pela rua Indai\u00e1 e \u00c1lvaro Machado.<\/p>\n\n\n\n<p>J\u00e1 no domingo (20), tem a prociss\u00e3o do Senhor Ressuscitado e Triunfo de Nossa Senhora, na igreja Santa Rita de C\u00e1ssia, no Castrioto. A partida \u00e9 \u00e0s 9h saindo do ponto final do Castrioto em dire\u00e7\u00e3o \u00e0 igreja. Em Cascatinha, \u00e0s 20h30, tem a prociss\u00e3o do Senhor Ressuscitado, saindo da igreja matriz em dire\u00e7\u00e3o a Vila da Antiga Esta\u00e7\u00e3o, retorno \u00e0 igreja pela Hyvio Naliato.<\/p>\n\n\n\n<p>Outros eventos<\/p>\n\n\n\n<p>Em Nogueira, tem a festa de S\u00e3o Jorge na quarta-feira (23). Ela vai provocar o fechamento da rua Milton de Souza Carvalho, no lado \u00edmpar, o<br>que deixa o lado par em m\u00e3o dupla. Tamb\u00e9m ter\u00e1 o fechamento da rua Castanheira, do lago at\u00e9 a rua Amazonas. \u00c0s 14h a cavalgada sai do lago pela avenida Braz Ross, depois Leopoldina, Jos\u00e9 Muniz Pav\u00e3o, Princesa D. Paula, Castro Alves, Vig\u00e1rio Corr\u00eaa e volta at\u00e9 o lago.<\/p>\n\n\n\n<p>Em Itaipava, tem o Saloon BBQ, que come\u00e7a nesta sexta-feira (18), \u00e0s 11h e segue at\u00e9 23h59. \u00c9 no Parque Municipal, em Itaipava. O evento acontece dentro do parque, mas pode impactar no tr\u00e2nsito da estrada Uni\u00e3o e Ind\u00fastria no trecho.<\/p>\n\n\n\n<p>E o Pal\u00e1cio de Cristal, na rua Alfredo Pach\u00e1, no centro hist\u00f3rico, recebe o evento P\u00e1scoa Petr\u00f3polis. Apesar do evento ser dentro do Pal\u00e1cio de Cristal, para garantir o melhor fluxo, o tr\u00e2nsito ser\u00e1 invertido na rua Padre Siqueira e a rua Alfredo Pach\u00e1 ser\u00e1 fechada para o tr\u00e1fego de ve\u00edculos. A mudan\u00e7a come\u00e7a nesta sexta-feira (18) e vai at\u00e9 segunda-feira (21), \u00e0s 8h.<\/p>\n","protected":false},"excerpt":{"rendered":"<p>Atividades religiosas e evento comemora\u00e7\u00e3o do dia da P\u00e1scoa est\u00e3o entre as a\u00e7\u00f5es que impactam<\/p>\n","protected":false},"author":2,"featured_media":84954,"comment_status":"open","ping_status":"open","sticky":false,"template":"","format":"standard","meta":{"footnotes":""},"categories":[12],"tags":[],"class_list":["post-102714","post","type-post","status-publish","format-standard","has-post-thumbnail","hentry","category-cidade"],"_links":{"self":[{"href":"https:\/\/tvc16.com\/portal\/wp-json\/wp\/v2\/posts\/102714","targetHints":{"allow":["GET"]}}],"collection":[{"href":"https:\/\/tvc16.com\/portal\/wp-json\/wp\/v2\/posts"}],"about":[{"href":"https:\/\/tvc16.com\/portal\/wp-json\/wp\/v2\/types\/post"}],"author":[{"embeddable":true,"href":"https:\/\/tvc16.com\/portal\/wp-json\/wp\/v2\/users\/2"}],"replies":[{"embeddable":true,"href":"https:\/\/tvc16.com\/portal\/wp-json\/wp\/v2\/comments?post=102714"}],"version-history":[{"count":1,"href":"https:\/\/tvc16.com\/portal\/wp-json\/wp\/v2\/posts\/102714\/revisions"}],"predecessor-version":[{"id":102715,"href":"https:\/\/tvc16.com\/portal\/wp-json\/wp\/v2\/posts\/102714\/revisions\/102715"}],"wp:featuredmedia":[{"embeddable":true,"href":"https:\/\/tvc16.com\/portal\/wp-json\/wp\/v2\/media\/84954"}],"wp:attachment":[{"href":"https:\/\/tvc16.com\/portal\/wp-json\/wp\/v2\/media?parent=102714"}],"wp:term":[{"taxonomy":"category","embeddable":true,"href":"https:\/\/tvc16.com\/portal\/wp-json\/wp\/v2\/categories?post=102714"},{"taxonomy":"post_tag","embeddable":true,"href":"https:\/\/tvc16.com\/portal\/wp-json\/wp\/v2\/tags?post=102714"}],"curies":[{"name":"wp","href":"https:\/\/api.w.org\/{rel}","templated":true}]}}