{"id":102720,"date":"2025-04-18T08:32:59","date_gmt":"2025-04-18T11:32:59","guid":{"rendered":"https:\/\/tvc16.com\/portal\/?p=102720"},"modified":"2025-04-18T08:32:59","modified_gmt":"2025-04-18T11:32:59","slug":"acep-marca-presenca-em-evento-sobre-empreendedorismo-e-inovacao-no-cefet","status":"publish","type":"post","link":"https:\/\/tvc16.com\/portal\/2025\/04\/18\/acep-marca-presenca-em-evento-sobre-empreendedorismo-e-inovacao-no-cefet\/","title":{"rendered":"ACEP marca presen\u00e7a em evento sobre empreendedorismo e inova\u00e7\u00e3o no CEFET"},"content":{"rendered":"\n<p>Encontro promovido pela Secretaria de Desenvolvimento Econ\u00f4mico reuniu representantes dos setores p\u00fablico e privado para discutir iniciativas que fortalecem o ecossistema de inova\u00e7\u00e3o em Petr\u00f3polis. A ACEP participou ativamente das discuss\u00f5es, refor\u00e7ando seu papel no desenvolvimento de projetos ligados \u00e0 tecnologia, conectividade e sustentabilidade.<\/p>\n\n\n\n<p>Na manh\u00e3 desta quinta-feira, 17, os diretores da Associa\u00e7\u00e3o Comercial e Empresarial de Petr\u00f3polis (ACEP), Humberto Medrado e Roberto Musser, participaram do evento &#8220;Caf\u00e9 do Empreendedorismo, Criatividade e Inova\u00e7\u00e3o&#8221;, realizado no CEFET pela Secretaria de Desenvolvimento Econ\u00f4mico de Petr\u00f3polis.<\/p>\n\n\n\n<p>A programa\u00e7\u00e3o teve in\u00edcio com um caf\u00e9 da manh\u00e3 de boas-vindas, seguido da abertura oficial, conduzida pelo secret\u00e1rio de Desenvolvimento Econ\u00f4mico, Samir El Ghaoui, e pelo diretor de Ci\u00eancia e Tecnologia, Tales Gomes. O evento contou com duas palestras. A primeira foi apresentada pelo SEBRAE, abordando a elabora\u00e7\u00e3o de projetos voltados \u00e0 capta\u00e7\u00e3o de recursos em programas de inova\u00e7\u00e3o social, o PISTA \u2014 iniciativa que foi destaque no 9\u00ba Encontro ACEP \u2013 Cidades Inteligentes em Pauta, realizado em novembro do ano passado.<\/p>\n\n\n\n<p>Em seguida, Jos\u00e9 Wilson, da FAPERJ, apresentou o edital do &#8220;Hub Startup RJ \u2013 Impulsionando o Ecossistema de Inova\u00e7\u00e3o do Estado&#8221;. Ele falou sobre o edital que destina R$ 12 milh\u00f5es para impulsionar startups de base tecnol\u00f3gica no Rio de Janeiro.<\/p>\n\n\n\n<p>A ACEP, em conjunto com o Instituto Philippe Gu\u00e9don (IPG), tem se empenhado na cria\u00e7\u00e3o de projetos e a\u00e7\u00f5es que contribuam com temas voltados \u00e0 inova\u00e7\u00e3o social, conectividade e sustentabilidade em Petr\u00f3polis. Dentro desse contexto, o evento Encontros ACEP \u2013 Cidades Inteligentes em Pauta, promovido mensalmente pela Associa\u00e7\u00e3o, j\u00e1 abordou temas estrat\u00e9gicos como georreferenciamento e transi\u00e7\u00e3o energ\u00e9tica.<\/p>\n\n\n\n<p>\u201cO projeto PISTA foi apresentado pelo professor Jos\u00e9 Aranha, conselheiro do programa, durante uma das edi\u00e7\u00f5es do Encontro ACEP \u2013 Cidades Inteligentes em Pauta. Ver essa proposta ganhando espa\u00e7o em nosso munic\u00edpio \u00e9 motivo de grande satisfa\u00e7\u00e3o, pois representa uma oportunidade concreta de transforma\u00e7\u00e3o social nas comunidades. Com isso, nossa parceria com o IPG d\u00e1 mais um passo importante em dire\u00e7\u00e3o a esse objetivo comum\u201d, destacou o diretor de Inova\u00e7\u00e3o e Novos Neg\u00f3cios da ACEP, Roberto Musser.<\/p>\n\n\n\n<p>A Associa\u00e7\u00e3o segue atuando ativamente no desenvolvimento de novos projetos que visam estimular a inova\u00e7\u00e3o, para a qualidade de vida, resili\u00eancia, empreendedorismo e sustentabilidade, reafirmando seu compromisso com o fortalecimento do ecossistema de neg\u00f3cios e com o futuro inteligente de Petr\u00f3polis.<\/p>\n","protected":false},"excerpt":{"rendered":"<p>Encontro promovido pela Secretaria de Desenvolvimento Econ\u00f4mico reuniu representantes dos setores p\u00fablico e privado para<\/p>\n","protected":false},"author":2,"featured_media":102721,"comment_status":"open","ping_status":"open","sticky":false,"template":"","format":"standard","meta":{"footnotes":""},"categories":[12],"tags":[],"class_list":["post-102720","post","type-post","status-publish","format-standard","has-post-thumbnail","hentry","category-cidade"],"_links":{"self":[{"href":"https:\/\/tvc16.com\/portal\/wp-json\/wp\/v2\/posts\/102720","targetHints":{"allow":["GET"]}}],"collection":[{"href":"https:\/\/tvc16.com\/portal\/wp-json\/wp\/v2\/posts"}],"about":[{"href":"https:\/\/tvc16.com\/portal\/wp-json\/wp\/v2\/types\/post"}],"author":[{"embeddable":true,"href":"https:\/\/tvc16.com\/portal\/wp-json\/wp\/v2\/users\/2"}],"replies":[{"embeddable":true,"href":"https:\/\/tvc16.com\/portal\/wp-json\/wp\/v2\/comments?post=102720"}],"version-history":[{"count":1,"href":"https:\/\/tvc16.com\/portal\/wp-json\/wp\/v2\/posts\/102720\/revisions"}],"predecessor-version":[{"id":102722,"href":"https:\/\/tvc16.com\/portal\/wp-json\/wp\/v2\/posts\/102720\/revisions\/102722"}],"wp:featuredmedia":[{"embeddable":true,"href":"https:\/\/tvc16.com\/portal\/wp-json\/wp\/v2\/media\/102721"}],"wp:attachment":[{"href":"https:\/\/tvc16.com\/portal\/wp-json\/wp\/v2\/media?parent=102720"}],"wp:term":[{"taxonomy":"category","embeddable":true,"href":"https:\/\/tvc16.com\/portal\/wp-json\/wp\/v2\/categories?post=102720"},{"taxonomy":"post_tag","embeddable":true,"href":"https:\/\/tvc16.com\/portal\/wp-json\/wp\/v2\/tags?post=102720"}],"curies":[{"name":"wp","href":"https:\/\/api.w.org\/{rel}","templated":true}]}}