{"id":102726,"date":"2025-04-18T08:37:31","date_gmt":"2025-04-18T11:37:31","guid":{"rendered":"https:\/\/tvc16.com\/portal\/?p=102726"},"modified":"2025-04-18T08:37:33","modified_gmt":"2025-04-18T11:37:33","slug":"seminario-aborda-papel-fundamental-da-nutricao-na-prevencao-e-no-cuidado-do-cancer","status":"publish","type":"post","link":"https:\/\/tvc16.com\/portal\/2025\/04\/18\/seminario-aborda-papel-fundamental-da-nutricao-na-prevencao-e-no-cuidado-do-cancer\/","title":{"rendered":"Semin\u00e1rio aborda papel fundamental da Nutri\u00e7\u00e3o na preven\u00e7\u00e3o e no cuidado do c\u00e2ncer"},"content":{"rendered":"\n<p>Uma alimenta\u00e7\u00e3o adequada pode ser uma forte aliada na luta contra o c\u00e2ncer, tanto na preven\u00e7\u00e3o quanto durante o tratamento. Com o objetivo de ampliar o conhecimento e o debate sobre o tema, a UNIFASE vai realizar no dia 28 de abril, das 8h \u00e0s 16h, o Semin\u00e1rio de Nutri\u00e7\u00e3o &#8220;Nutri\u00e7\u00e3o e C\u00e2ncer: Ci\u00eancia, Preven\u00e7\u00e3o e Cuidado&#8221;.<\/p>\n\n\n\n<p>O evento tem como prop\u00f3sito promover a atualiza\u00e7\u00e3o cient\u00edfica sobre a rela\u00e7\u00e3o entre nutri\u00e7\u00e3o e c\u00e2ncer, abordando aspectos preventivos e terap\u00eauticos, al\u00e9m de estimular o pensamento cr\u00edtico dos alunos de Nutri\u00e7\u00e3o sobre o impacto da alimenta\u00e7\u00e3o na oncologia.<\/p>\n\n\n\n<p>&#8220;O c\u00e2ncer \u00e9 uma das principais causas de morte no Brasil e no mundo. Diante do constante aumento do n\u00famero de casos e da rela\u00e7\u00e3o entre h\u00e1bitos alimentares, estado nutricional e a redu\u00e7\u00e3o ou o aumento do risco de doen\u00e7as, \u00e9 imprescind\u00edvel nos debru\u00e7armos cada vez mais sobre o tema. A Nutri\u00e7\u00e3o tem um papel central nesse processo de enfrentamento, com a possibilidade de melhorias na resposta aos medicamentos, redu\u00e7\u00e3o dos efeitos colaterais e promo\u00e7\u00e3o da qualidade de vida. Destaca-se ainda que uma das principais atribui\u00e7\u00f5es do nutricionista \u00e9 orientar, apoiar e promover h\u00e1bitos alimentares saud\u00e1veis, que certamente podem fazer toda a diferen\u00e7a na vida de seus pacientes&#8221;, explica Thaise Gasser, coordenadora do curso de Nutri\u00e7\u00e3o da UNIFASE.<\/p>\n\n\n\n<p>O semin\u00e1rio ser\u00e1 uma oportunidade enriquecedora para aprofundar conhecimentos e refor\u00e7ar o papel essencial da nutri\u00e7\u00e3o na sa\u00fade p\u00fablica e na vida dos pacientes oncol\u00f3gicos. A professora Thaise Gasser destaca a relev\u00e2ncia da tem\u00e1tica e o papel central dos nutricionistas nesse contexto.<\/p>\n\n\n\n<p>&#8220;Falar sobre nutri\u00e7\u00e3o e c\u00e2ncer tamb\u00e9m \u00e9 falar sobre a forma\u00e7\u00e3o dos futuros nutricionistas. Essa \u00e9 uma \u00e1rea que exige muito mais do que conhecimento t\u00e9cnico: exige sensibilidade, escuta e atualiza\u00e7\u00e3o constante. O c\u00e2ncer n\u00e3o \u00e9 uma condi\u00e7\u00e3o \u00fanica \u2014 ele se apresenta de formas diferentes e exige condutas adequadas \u00e0 realidade da pessoa. Por isso, \u00e9 essencial que a gradua\u00e7\u00e3o prepare o nutricionista para lidar com essa complexidade, oferecendo ferramentas para atuar com compet\u00eancia t\u00e9cnica e compaix\u00e3o. \u00c9 importante que a pessoa encontre no nutricionista n\u00e3o s\u00f3 algu\u00e9m que orienta, mas que acolhe, apoia e contribui ativamente para a sua qualidade de vida&#8221;, disse ela.<\/p>\n\n\n\n<p>O semin\u00e1rio \u00e9 voltado para estudantes e profissionais de Nutri\u00e7\u00e3o, bem como demais interessados no tema, e contar\u00e1 com palestras que abordam diferentes vertentes do cuidado nutricional em pacientes oncol\u00f3gicos. A programa\u00e7\u00e3o completa e as inscri\u00e7\u00f5es est\u00e3o no site: https:\/\/www.unifase-rj.edu.br\/evento-de-extensao\/seminario-nutricao-2025<\/p>\n","protected":false},"excerpt":{"rendered":"<p>Uma alimenta\u00e7\u00e3o adequada pode ser uma forte aliada na luta contra o c\u00e2ncer, tanto na<\/p>\n","protected":false},"author":2,"featured_media":102727,"comment_status":"open","ping_status":"open","sticky":false,"template":"","format":"standard","meta":{"footnotes":""},"categories":[12],"tags":[],"class_list":["post-102726","post","type-post","status-publish","format-standard","has-post-thumbnail","hentry","category-cidade"],"_links":{"self":[{"href":"https:\/\/tvc16.com\/portal\/wp-json\/wp\/v2\/posts\/102726","targetHints":{"allow":["GET"]}}],"collection":[{"href":"https:\/\/tvc16.com\/portal\/wp-json\/wp\/v2\/posts"}],"about":[{"href":"https:\/\/tvc16.com\/portal\/wp-json\/wp\/v2\/types\/post"}],"author":[{"embeddable":true,"href":"https:\/\/tvc16.com\/portal\/wp-json\/wp\/v2\/users\/2"}],"replies":[{"embeddable":true,"href":"https:\/\/tvc16.com\/portal\/wp-json\/wp\/v2\/comments?post=102726"}],"version-history":[{"count":1,"href":"https:\/\/tvc16.com\/portal\/wp-json\/wp\/v2\/posts\/102726\/revisions"}],"predecessor-version":[{"id":102728,"href":"https:\/\/tvc16.com\/portal\/wp-json\/wp\/v2\/posts\/102726\/revisions\/102728"}],"wp:featuredmedia":[{"embeddable":true,"href":"https:\/\/tvc16.com\/portal\/wp-json\/wp\/v2\/media\/102727"}],"wp:attachment":[{"href":"https:\/\/tvc16.com\/portal\/wp-json\/wp\/v2\/media?parent=102726"}],"wp:term":[{"taxonomy":"category","embeddable":true,"href":"https:\/\/tvc16.com\/portal\/wp-json\/wp\/v2\/categories?post=102726"},{"taxonomy":"post_tag","embeddable":true,"href":"https:\/\/tvc16.com\/portal\/wp-json\/wp\/v2\/tags?post=102726"}],"curies":[{"name":"wp","href":"https:\/\/api.w.org\/{rel}","templated":true}]}}