{"id":102732,"date":"2025-04-18T08:43:14","date_gmt":"2025-04-18T11:43:14","guid":{"rendered":"https:\/\/tvc16.com\/portal\/?p=102732"},"modified":"2025-04-18T08:43:16","modified_gmt":"2025-04-18T11:43:16","slug":"inflacao-desacelera-para-todas-as-faixas-de-renda-em-marco","status":"publish","type":"post","link":"https:\/\/tvc16.com\/portal\/2025\/04\/18\/inflacao-desacelera-para-todas-as-faixas-de-renda-em-marco\/","title":{"rendered":"Infla\u00e7\u00e3o desacelera para todas as faixas de renda em mar\u00e7o"},"content":{"rendered":"\n<p>Para a classe de renda muito baixa, o recuo foi de 1,59% para 0,56%<\/p>\n\n\n\n<p>A infla\u00e7\u00e3o desacelerou em mar\u00e7o para todas as faixas de renda, na compara\u00e7\u00e3o com fevereiro. Os dados s\u00e3o do Instituto de Pesquisa Econ\u00f4mica Aplicada (Ipea).&nbsp;<strong>Para a classe de renda muito baixa, o recuo foi de 1,59% para 0,56%. Para a classe de renda alta, de 0,9% para 0,6%.<\/strong><img decoding=\"async\" src=\"https:\/\/agenciabrasil.ebc.com.br\/ebc.png?id=1639333&amp;o=node\"><img decoding=\"async\" src=\"https:\/\/agenciabrasil.ebc.com.br\/ebc.gif?id=1639333&amp;o=node\"><\/p>\n\n\n\n<p>O Ipea explica que a desacelera\u00e7\u00e3o da infla\u00e7\u00e3o para as classes de renda menor pode ser explicada pelo reajuste baixo das tarifas de energia el\u00e9trica (0,12%)&nbsp;e as quedas nos pre\u00e7os das passagens de \u00f4nibus urbano (-1,1%) e do metr\u00f4 (-1,7%).<\/p>\n\n\n\n<p>Em rela\u00e7\u00e3o \u00e0s fam\u00edlias de renda alta, a melhora das taxas do grupo educa\u00e7\u00e3o, de 0,90% em fevereiro para 0,60% em mar\u00e7o, foi mais determinante. O dado traduz principalmente o fim do impacto dos reajustes das mensalidades escolares em fevereiro.<\/p>\n\n\n\n<p>Por outro lado, grupos de menor renda tiveram de lidar com taxas mais altas nos pre\u00e7os dos alimentos no domic\u00edlio. As altas mais expressivas de infla\u00e7\u00e3o vieram dos ovos (13,1%), do caf\u00e9 (8,1%), do leite (3,3%) e do tomate (22,6%). Alguns al\u00edvios aconteceram em itens como arroz (-1,8%), feij\u00e3o-preto (-3,9%), carnes (-1,6%) e \u00f3leo de soja (-2,0%).<\/p>\n\n\n\n<p>A classe de renda alta foi mais impactada em segmentos de transporte e de despesas pessoais. \u00c9 o caso dos reajustes de 6,9% das passagens a\u00e9reas e de 1,2% dos servi\u00e7os ligados \u00e0 recrea\u00e7\u00e3o e lazer.<\/p>\n\n\n\n<h2 class=\"wp-block-heading\">Outros n\u00fameros<\/h2>\n\n\n\n<p><strong>Na compara\u00e7\u00e3o entre mar\u00e7o de 2025 e mar\u00e7o de 2024, a infla\u00e7\u00e3o acelerou para todas as faixas de renda, com um impacto mais significativo nas classes de rendas mais altas.<\/strong><\/p>\n\n\n\n<p><strong>Quando se considera o acumulado de 12 meses, a faixa de renda muito baixa teve a menor infla\u00e7\u00e3o (5,24%)<\/strong>. O segmento de renda alta apresentou a taxa mais elevada (5,61%).<\/p>\n\n\n\n<p>Nos \u00faltimos 12&nbsp;meses, as principais press\u00f5es inflacion\u00e1rias vieram dos grupos alimentos e bebidas, transportes e sa\u00fade e cuidados pessoais. Os aumentos mais significativos foram em carnes (21,2%), aves e ovos (12,1%), \u00f3leo de soja (24,4%), leite (11,9%) e caf\u00e9 (77,8%).<\/p>\n\n\n\n<p>Em sa\u00fade e cuidados pessoais, os maiores impactos vieram dos produtos farmac\u00eauticos (4,8%), itens de higiene (4,8%), servi\u00e7os de sa\u00fade (7,8%) e planos de sa\u00fade (7,3%).<\/p>\n\n\n\n<p>No grupo transportes, os destaques foram tarifas de \u00f4nibus urbano (5,1%) e interestadual (6,4%), transporte por integra\u00e7\u00e3o (10%) e por aplicativo (18,3%), al\u00e9m dos reajustes da gasolina (10,9%) e do etanol (20,1%).<\/p>\n","protected":false},"excerpt":{"rendered":"<p>Para a classe de renda muito baixa, o recuo foi de 1,59% para 0,56% A<\/p>\n","protected":false},"author":2,"featured_media":102733,"comment_status":"open","ping_status":"open","sticky":false,"template":"","format":"standard","meta":{"footnotes":""},"categories":[17],"tags":[],"class_list":["post-102732","post","type-post","status-publish","format-standard","has-post-thumbnail","hentry","category-outras-noticias"],"_links":{"self":[{"href":"https:\/\/tvc16.com\/portal\/wp-json\/wp\/v2\/posts\/102732","targetHints":{"allow":["GET"]}}],"collection":[{"href":"https:\/\/tvc16.com\/portal\/wp-json\/wp\/v2\/posts"}],"about":[{"href":"https:\/\/tvc16.com\/portal\/wp-json\/wp\/v2\/types\/post"}],"author":[{"embeddable":true,"href":"https:\/\/tvc16.com\/portal\/wp-json\/wp\/v2\/users\/2"}],"replies":[{"embeddable":true,"href":"https:\/\/tvc16.com\/portal\/wp-json\/wp\/v2\/comments?post=102732"}],"version-history":[{"count":1,"href":"https:\/\/tvc16.com\/portal\/wp-json\/wp\/v2\/posts\/102732\/revisions"}],"predecessor-version":[{"id":102734,"href":"https:\/\/tvc16.com\/portal\/wp-json\/wp\/v2\/posts\/102732\/revisions\/102734"}],"wp:featuredmedia":[{"embeddable":true,"href":"https:\/\/tvc16.com\/portal\/wp-json\/wp\/v2\/media\/102733"}],"wp:attachment":[{"href":"https:\/\/tvc16.com\/portal\/wp-json\/wp\/v2\/media?parent=102732"}],"wp:term":[{"taxonomy":"category","embeddable":true,"href":"https:\/\/tvc16.com\/portal\/wp-json\/wp\/v2\/categories?post=102732"},{"taxonomy":"post_tag","embeddable":true,"href":"https:\/\/tvc16.com\/portal\/wp-json\/wp\/v2\/tags?post=102732"}],"curies":[{"name":"wp","href":"https:\/\/api.w.org\/{rel}","templated":true}]}}