{"id":102744,"date":"2025-04-18T08:54:55","date_gmt":"2025-04-18T11:54:55","guid":{"rendered":"https:\/\/tvc16.com\/portal\/?p=102744"},"modified":"2025-04-18T08:54:56","modified_gmt":"2025-04-18T11:54:56","slug":"petrobras-reduz-preco-do-diesel-em-r-012-para-distribuidoras","status":"publish","type":"post","link":"https:\/\/tvc16.com\/portal\/2025\/04\/18\/petrobras-reduz-preco-do-diesel-em-r-012-para-distribuidoras\/","title":{"rendered":"Petrobras reduz pre\u00e7o do diesel em R$ 0,12 para distribuidoras"},"content":{"rendered":"\n<p>Estatal estima que pre\u00e7o m\u00e9dio ser\u00e1 R$ 3,43 por litro nas refinarias<\/p>\n\n\n\n<p><strong>A Petrobras anuncia que reduzir\u00e1, a partir desta sexta-feira (18), em R$ 0,12 por litro, os pre\u00e7os de venda do diesel A (ainda sem adi\u00e7\u00e3o de biodiesel) nas refinarias. De acordo com a estatal, \u201cO pre\u00e7o passar\u00e1 a ser, em m\u00e9dia, de R$ 3,43 por litro\u201d.<\/strong><img decoding=\"async\" src=\"https:\/\/agenciabrasil.ebc.com.br\/ebc.png?id=1639312&amp;o=node\"><img decoding=\"async\" src=\"https:\/\/agenciabrasil.ebc.com.br\/ebc.gif?id=1639312&amp;o=node\"><\/p>\n\n\n\n<p>O valor final do diesel depende de outros fatores al\u00e9m do produto, como a incid\u00eancia de tributos (vari\u00e1vel por estado) e o percentual de lucro das distribuidoras, como BR, Ipiranga, Ale, e Ra\u00edzen (Shell e Cosan).<\/p>\n\n\n\n<blockquote class=\"wp-block-quote is-layout-flow wp-block-quote-is-layout-flow\">\n<p>O desconto de R$ 0,12 tamb\u00e9m n\u00e3o \u00e9 em linha, porque o produto final na bomba traz a mistura de 86% de diesel A com 14% de biodiesel para composi\u00e7\u00e3o do chamado diesel B, conforme estabelece o Conselho Nacional de Pol\u00edtica Energ\u00e9tica (CNPE). A mistura determinada desde 2023 torna o combust\u00edvel menos poluente.<\/p>\n<\/blockquote>\n\n\n\n<p><a href=\"https:\/\/agenciabrasil.ebc.com.br\/meio-ambiente\/noticia\/2025-01\/producao-de-biodiesel-cresce-em-20-anos-e-chega-a-77-bilhoes-de-litros\" target=\"_blank\" rel=\"noreferrer noopener\"><strong>&gt;&gt;Produ\u00e7\u00e3o de biodiesel cresce em 20 anos e chega a 77 bilh\u00f5es de litros<\/strong><\/a><\/p>\n\n\n\n<p><strong>Assim, a Petrobras afirma que parcela da empresa no pre\u00e7o ao consumidor passar\u00e1 a ser de R$ 2,95 por litro, uma redu\u00e7\u00e3o de R$ 0,10 a cada litro de diesel B.<\/strong><\/p>\n\n\n\n<p>Ainda segundo a estatal, desde dezembro de 2022 os pre\u00e7os do diesel para as distribuidoras reduziram em R$ 1,06 por litro, desconto de 23,6%.&nbsp;<\/p>\n\n\n\n<blockquote class=\"wp-block-quote is-layout-flow wp-block-quote-is-layout-flow\">\n<p>\u201cConsiderando a infla\u00e7\u00e3o do per\u00edodo, esta redu\u00e7\u00e3o \u00e9 de R$ 1,59\/ litro ou 31,7%\u201d, detalha a companhia. A \u00faltima redu\u00e7\u00e3o ocorreu em 31 de mar\u00e7o.<\/p>\n<\/blockquote>\n","protected":false},"excerpt":{"rendered":"<p>Estatal estima que pre\u00e7o m\u00e9dio ser\u00e1 R$ 3,43 por litro nas refinarias A Petrobras anuncia<\/p>\n","protected":false},"author":2,"featured_media":102703,"comment_status":"open","ping_status":"open","sticky":false,"template":"","format":"standard","meta":{"footnotes":""},"categories":[17],"tags":[],"class_list":["post-102744","post","type-post","status-publish","format-standard","has-post-thumbnail","hentry","category-outras-noticias"],"_links":{"self":[{"href":"https:\/\/tvc16.com\/portal\/wp-json\/wp\/v2\/posts\/102744","targetHints":{"allow":["GET"]}}],"collection":[{"href":"https:\/\/tvc16.com\/portal\/wp-json\/wp\/v2\/posts"}],"about":[{"href":"https:\/\/tvc16.com\/portal\/wp-json\/wp\/v2\/types\/post"}],"author":[{"embeddable":true,"href":"https:\/\/tvc16.com\/portal\/wp-json\/wp\/v2\/users\/2"}],"replies":[{"embeddable":true,"href":"https:\/\/tvc16.com\/portal\/wp-json\/wp\/v2\/comments?post=102744"}],"version-history":[{"count":1,"href":"https:\/\/tvc16.com\/portal\/wp-json\/wp\/v2\/posts\/102744\/revisions"}],"predecessor-version":[{"id":102745,"href":"https:\/\/tvc16.com\/portal\/wp-json\/wp\/v2\/posts\/102744\/revisions\/102745"}],"wp:featuredmedia":[{"embeddable":true,"href":"https:\/\/tvc16.com\/portal\/wp-json\/wp\/v2\/media\/102703"}],"wp:attachment":[{"href":"https:\/\/tvc16.com\/portal\/wp-json\/wp\/v2\/media?parent=102744"}],"wp:term":[{"taxonomy":"category","embeddable":true,"href":"https:\/\/tvc16.com\/portal\/wp-json\/wp\/v2\/categories?post=102744"},{"taxonomy":"post_tag","embeddable":true,"href":"https:\/\/tvc16.com\/portal\/wp-json\/wp\/v2\/tags?post=102744"}],"curies":[{"name":"wp","href":"https:\/\/api.w.org\/{rel}","templated":true}]}}