{"id":10275,"date":"2021-02-11T17:10:41","date_gmt":"2021-02-11T20:10:41","guid":{"rendered":"https:\/\/tvc16.com\/portal\/?p=10275"},"modified":"2021-02-11T17:10:44","modified_gmt":"2021-02-11T20:10:44","slug":"producao-de-graos-deve-chegar-a-2683-milhoes-de-toneladas-diz-conab","status":"publish","type":"post","link":"https:\/\/tvc16.com\/portal\/2021\/02\/11\/producao-de-graos-deve-chegar-a-2683-milhoes-de-toneladas-diz-conab\/","title":{"rendered":"Produ\u00e7\u00e3o de gr\u00e3os deve chegar a 268,3 milh\u00f5es de toneladas, diz Conab"},"content":{"rendered":"\n<h3 class=\"wp-block-heading\">\u00c1rea plantada \u00e9 estimada em 67,7 milh\u00f5es de hectares; expans\u00e3o de 2,7%<\/h3>\n\n\n\n<h3 class=\"wp-block-heading\">Por Pedro Peduzzi &#8211; Rep\u00f3rter da Ag\u00eancia Brasil &#8211; Bras\u00edlia<\/h3>\n\n\n\n<p>A Companhia Nacional de Abastecimento (Conab) estima que o pa\u00eds produzir\u00e1 268,3 milh\u00f5es de toneladas de gr\u00e3os na safra 2020\/2021. O n\u00famero representa um crescimento de 4,4% (ou 11,4 milh\u00f5es de toneladas), se comparado ao da na safra anterior. \u00c9 o que aponta o 5\u00ba Levantamento da Safra de Gr\u00e3os 2020\/21, divulgado hoje (11), em Bras\u00edlia.<img decoding=\"async\" src=\"https:\/\/agenciabrasil.ebc.com.br\/ebc.png?id=1401138&amp;o=node\"><img decoding=\"async\" src=\"https:\/\/agenciabrasil.ebc.com.br\/ebc.gif?id=1401138&amp;o=node\"><\/p>\n\n\n\n<p>A \u00e1rea total plantada est\u00e1 estimada em 67,7 milh\u00f5es de hectares, o que representa crescimento de 2,7% na compara\u00e7\u00e3o com a safra 2019\/2020. O levantamento foi feito na \u00faltima semana de janeiro<\/p>\n\n\n\n<p>Houve um ganho de 3,5 milh\u00f5es de toneladas na compara\u00e7\u00e3o com a estimativa apresentada no levantamento anterior, em janeiro. Esse crescimento se deve a uma expans\u00e3o de 4,4% na \u00e1rea de plantio do milho segunda safra.<\/p>\n\n\n\n<p>J\u00e1 para o milho primeira safra a produ\u00e7\u00e3o esperada \u00e9 de 23,6 milh\u00f5es de toneladas, mas a \u00e1rea cultivada apresenta uma redu\u00e7\u00e3o de 0,8%. \u201cSomando-se a segunda e a terceira safras, a produ\u00e7\u00e3o total poder\u00e1 atingir 105,5 milh\u00f5es de toneladas, 2,9% maior que a obtida em 2019\/20\u201d, informou a Conab.<\/p>\n\n\n\n<h2 class=\"wp-block-heading\">Soja tem tend\u00eancia de crescimento<\/h2>\n\n\n\n<p>A soja est\u00e1 mantendo a tend\u00eancia de crescimento na \u00e1rea cultivada. A Conab estima que a cultura dessa oleoginosa abrange 38,3 milh\u00f5es de hectares, n\u00famero 3,6% maior do que o registrado na safra anterior. A produ\u00e7\u00e3o deve chegar a 133,8 milh\u00f5es de toneladas.<\/p>\n\n\n\n<p>\u201cO feij\u00e3o mostra um crescimento na primeira safra de 0,6% na \u00e1rea e produ\u00e7\u00e3o estimada em um milh\u00e3o de toneladas. Quando somadas as tr\u00eas safras, este n\u00famero de produ\u00e7\u00e3o passa para 3,2 milh\u00f5es de toneladas. Enquanto isso, a safra de arroz dever\u00e1 sofrer uma redu\u00e7\u00e3o de 2,3% na \u00e1rea cultivada, totalizando 1,7 milh\u00e3o de hectares e 10,9 milh\u00f5es de toneladas na produ\u00e7\u00e3o\u201d, acrescentou a Conab.<\/p>\n\n\n\n<p>O algod\u00e3o, que teve uma concentra\u00e7\u00e3o do plantio em janeiro, tem previs\u00e3o de recuo tanto de \u00e1rea (13,1%) como de produ\u00e7\u00e3o (16%). \u201cEssa redu\u00e7\u00e3o \u00e9 muito em decorr\u00eancia dos pre\u00e7os n\u00e3o favor\u00e1veis, afetados, tamb\u00e9m, pela pandemia\u201d, disse o gerente de Acompanhamento de Safras da Conab, Maur\u00edcio Lopes.<\/p>\n\n\n\n<p>A primeira safra de amendoim deve resultar em uma produ\u00e7\u00e3o de 560,5 mil toneladas, em uma \u00e1rea 3% maior do que a da safra 2019\/2020. J\u00e1 o trigo, que tem o in\u00edcio de plantio a partir de mar\u00e7o, tem perspectivas de crescer 2,1% na \u00e1rea semeada e uma produ\u00e7\u00e3o de 6,4 milh\u00f5es de toneladas.<\/p>\n\n\n\n<p>Edi\u00e7\u00e3o: Kleber Sampaio<\/p>\n","protected":false},"excerpt":{"rendered":"<p>\u00c1rea plantada \u00e9 estimada em 67,7 milh\u00f5es de hectares; expans\u00e3o de 2,7% Por Pedro Peduzzi<\/p>\n","protected":false},"author":2,"featured_media":10276,"comment_status":"open","ping_status":"open","sticky":false,"template":"","format":"standard","meta":{"footnotes":""},"categories":[17],"tags":[],"class_list":["post-10275","post","type-post","status-publish","format-standard","has-post-thumbnail","hentry","category-outras-noticias"],"_links":{"self":[{"href":"https:\/\/tvc16.com\/portal\/wp-json\/wp\/v2\/posts\/10275","targetHints":{"allow":["GET"]}}],"collection":[{"href":"https:\/\/tvc16.com\/portal\/wp-json\/wp\/v2\/posts"}],"about":[{"href":"https:\/\/tvc16.com\/portal\/wp-json\/wp\/v2\/types\/post"}],"author":[{"embeddable":true,"href":"https:\/\/tvc16.com\/portal\/wp-json\/wp\/v2\/users\/2"}],"replies":[{"embeddable":true,"href":"https:\/\/tvc16.com\/portal\/wp-json\/wp\/v2\/comments?post=10275"}],"version-history":[{"count":1,"href":"https:\/\/tvc16.com\/portal\/wp-json\/wp\/v2\/posts\/10275\/revisions"}],"predecessor-version":[{"id":10277,"href":"https:\/\/tvc16.com\/portal\/wp-json\/wp\/v2\/posts\/10275\/revisions\/10277"}],"wp:featuredmedia":[{"embeddable":true,"href":"https:\/\/tvc16.com\/portal\/wp-json\/wp\/v2\/media\/10276"}],"wp:attachment":[{"href":"https:\/\/tvc16.com\/portal\/wp-json\/wp\/v2\/media?parent=10275"}],"wp:term":[{"taxonomy":"category","embeddable":true,"href":"https:\/\/tvc16.com\/portal\/wp-json\/wp\/v2\/categories?post=10275"},{"taxonomy":"post_tag","embeddable":true,"href":"https:\/\/tvc16.com\/portal\/wp-json\/wp\/v2\/tags?post=10275"}],"curies":[{"name":"wp","href":"https:\/\/api.w.org\/{rel}","templated":true}]}}