{"id":102752,"date":"2025-04-18T09:05:05","date_gmt":"2025-04-18T12:05:05","guid":{"rendered":"https:\/\/tvc16.com\/portal\/?p=102752"},"modified":"2025-04-18T09:05:05","modified_gmt":"2025-04-18T12:05:05","slug":"desintrusao-da-terra-indigena-arariboia-gera-r-956-mil-em-infracoes","status":"publish","type":"post","link":"https:\/\/tvc16.com\/portal\/2025\/04\/18\/desintrusao-da-terra-indigena-arariboia-gera-r-956-mil-em-infracoes\/","title":{"rendered":"Desintrus\u00e3o da Terra Ind\u00edgena Arariboia gera R$ 956 mil em infra\u00e7\u00f5es"},"content":{"rendered":"\n<p>Ao todo, foram 382 a\u00e7\u00f5es realizadas nesta semana<\/p>\n\n\n\n<p>A opera\u00e7\u00e3o realizada pelo governo federal para<a href=\"https:\/\/agenciabrasil.ebc.com.br\/es\/node\/1629695\" target=\"_blank\" rel=\"noreferrer noopener\">&nbsp;desintrus\u00e3o da Terra Ind\u00edgena Arab\u00f3ia, no Maranh\u00e3o<\/a>,&nbsp;gerou R$ 956 mil em autos de infra\u00e7\u00e3o, a retirada de cercas ilegais e a elabora\u00e7\u00e3o de 66 notifica\u00e7\u00f5es para regulariza\u00e7\u00e3o de criadores de gado que atuam na regi\u00e3o.<img decoding=\"async\" src=\"https:\/\/agenciabrasil.ebc.com.br\/ebc.png?id=1639330&amp;o=node\"><img decoding=\"async\" src=\"https:\/\/agenciabrasil.ebc.com.br\/ebc.gif?id=1639330&amp;o=node\"><\/p>\n\n\n\n<p>Ao todo, foram 382 a\u00e7\u00f5es realizadas nesta semana. As medidas s\u00e3o coordenadas pela Casa Civil da Presid\u00eancia da Rep\u00fablica e envolvem uma for\u00e7a-tarefa de \u00f3rg\u00e3os federais.<\/p>\n\n\n\n<p><strong>A opera\u00e7\u00e3o come\u00e7ou em fevereiro deste ano e cumpre uma determina\u00e7\u00e3o do Supremo Tribunal Federal (STF) para retirada de n\u00e3o ind\u00edgenas do territ\u00f3rio<\/strong>, que \u00e9 ocupado pelos povos Guajajara e Aw\u00e1.<\/p>\n\n\n\n<p>Al\u00e9m da Casa Civil, a Funda\u00e7\u00e3o Nacional dos Povos Ind\u00edgenas (Funai), o Instituto Brasileiro do Meio Ambiente e dos Recursos Naturais Renov\u00e1veis (Ibama) e o Minist\u00e9rio dos Povos Ind\u00edgenas participam da opera\u00e7\u00e3o.&nbsp;<\/p>\n\n\n\n<p>O plano apresentado pelo governo federal para desocupa\u00e7\u00e3o da Terra Ind\u00edgena Arab\u00f3ia foi aprovado no ano passado pelo STF.&nbsp;<\/p>\n\n\n\n<p>A discuss\u00e3o chegou ao Supremo por meio de uma a\u00e7\u00e3o apresentada pela Articula\u00e7\u00e3o dos Povos Ind\u00edgenas do Brasil (Apib) para obrigar a ado\u00e7\u00e3o de medidas para desocupa\u00e7\u00e3o dos territ\u00f3rios durante o governo de Jair Bolsonaro.<\/p>\n","protected":false},"excerpt":{"rendered":"<p>Ao todo, foram 382 a\u00e7\u00f5es realizadas nesta semana A opera\u00e7\u00e3o realizada pelo governo federal para&nbsp;desintrus\u00e3o<\/p>\n","protected":false},"author":2,"featured_media":102753,"comment_status":"open","ping_status":"open","sticky":false,"template":"","format":"standard","meta":{"footnotes":""},"categories":[17],"tags":[],"class_list":["post-102752","post","type-post","status-publish","format-standard","has-post-thumbnail","hentry","category-outras-noticias"],"_links":{"self":[{"href":"https:\/\/tvc16.com\/portal\/wp-json\/wp\/v2\/posts\/102752","targetHints":{"allow":["GET"]}}],"collection":[{"href":"https:\/\/tvc16.com\/portal\/wp-json\/wp\/v2\/posts"}],"about":[{"href":"https:\/\/tvc16.com\/portal\/wp-json\/wp\/v2\/types\/post"}],"author":[{"embeddable":true,"href":"https:\/\/tvc16.com\/portal\/wp-json\/wp\/v2\/users\/2"}],"replies":[{"embeddable":true,"href":"https:\/\/tvc16.com\/portal\/wp-json\/wp\/v2\/comments?post=102752"}],"version-history":[{"count":1,"href":"https:\/\/tvc16.com\/portal\/wp-json\/wp\/v2\/posts\/102752\/revisions"}],"predecessor-version":[{"id":102754,"href":"https:\/\/tvc16.com\/portal\/wp-json\/wp\/v2\/posts\/102752\/revisions\/102754"}],"wp:featuredmedia":[{"embeddable":true,"href":"https:\/\/tvc16.com\/portal\/wp-json\/wp\/v2\/media\/102753"}],"wp:attachment":[{"href":"https:\/\/tvc16.com\/portal\/wp-json\/wp\/v2\/media?parent=102752"}],"wp:term":[{"taxonomy":"category","embeddable":true,"href":"https:\/\/tvc16.com\/portal\/wp-json\/wp\/v2\/categories?post=102752"},{"taxonomy":"post_tag","embeddable":true,"href":"https:\/\/tvc16.com\/portal\/wp-json\/wp\/v2\/tags?post=102752"}],"curies":[{"name":"wp","href":"https:\/\/api.w.org\/{rel}","templated":true}]}}