{"id":102760,"date":"2025-04-19T07:00:00","date_gmt":"2025-04-19T10:00:00","guid":{"rendered":"https:\/\/tvc16.com\/portal\/?p=102760"},"modified":"2025-04-18T11:41:11","modified_gmt":"2025-04-18T14:41:11","slug":"afro-serra-abre-inscricoes-para-diversas-atividades-artisticas-e-culturais","status":"publish","type":"post","link":"https:\/\/tvc16.com\/portal\/2025\/04\/19\/afro-serra-abre-inscricoes-para-diversas-atividades-artisticas-e-culturais\/","title":{"rendered":"AFRO SERRA ABRE INSCRI\u00c7\u00d5ES PARA DIVERSAS ATIVIDADES ART\u00cdSTICAS E CULTURAIS"},"content":{"rendered":"\n<p>O Afro Serra promove, nos dias 26 e 27 de abril, a \u201cPrimeira Feira Preta Afro Serra&#8221;, cujo objetivo principal \u00e9 o empoderamento da mulher negra petropolitana. As inscri\u00e7\u00f5es j\u00e1 est\u00e3o abertas para as diversas atividades art\u00edsticas e culturais que acontecer\u00e3o durante o evento e podem ser realizadas atrav\u00e9s do n\u00famero (24) 98189 3999. Todas as atividades acontecer\u00e3o no Centro Cultural e Gastron\u00f4mico LULI, na Rua Paulo Herv\u00ea, 1.373 \u2013 Bingen &#8211; Petr\u00f3polis.<br>A entidade est\u00e1 selecionando mulheres afrodescendentes de qualquer idade para desfile de Moda Afro. Tamb\u00e9m haver\u00e1 oficina gratuita de jongo e samba de roda para todas as idades.<br>&#8220;Realizaremos uma oficina gratuita de jongo e Samba de roda, onde ensinaremos passos e percuss\u00e3o, dando oportunidade ao p\u00fablico petropolitano de conhecer e vivenciar essas dan\u00e7as ancestrais, como tamb\u00e9m abrindo inscri\u00e7\u00f5es para novos integrantes&#8221;, disse a respons\u00e1vel pelo projeto e presidente do Afro Serra, M\u00f4nica Valverde.<br>A programa\u00e7\u00e3o tamb\u00e9m prev\u00ea uma &#8220;Oficina de Produ\u00e7\u00e3o Cultural&#8221; para jovens entre 16 e 18 anos que, pensando na inclus\u00e3o no mercado de trabalho, oferecer\u00e1 gratuitamente oficinas com possibilidade de est\u00e1gio remunerado.<br>A \u201cPrimeira Feira Preta Afro Serra&#8221;, tamb\u00e9m est\u00e1 com inscri\u00e7\u00f5es gratuitas para apresenta\u00e7\u00f5es art\u00edsticas, exposi\u00e7\u00e3o e venda de produtos artesanais, literatura, conta\u00e7\u00e3o de hist\u00f3ria, teatro, artes pl\u00e1sticas, entre outras atividades.<\/p>\n\n\n\n<p>Programa\u00e7\u00e3o:<\/p>\n\n\n\n<ul class=\"wp-block-list\">\n<li>Dia 26\/04 | S\u00e1bado | 10h \u00e0s 22h<br>Literatura &#8211; Venda do Livro Candombio de Deivid Preceito.<br>Produtos Artesanais &#8211; Exposi\u00e7\u00e3o e venda.<\/li>\n\n\n\n<li>Dia 27\/04 | Domingo | 10h \u00e0s 20h<br>10h &#8211; Conta\u00e7\u00e3o da Hist\u00f3ria do Jongo com o Grupo de Artes Afro Serra.<br>10h20 &#8211; Oficina de Jongo com o Grupo de Artes Afro Serra.<br>12h &#8211; Feijoada para S\u00e3o Jorge | Espa\u00e7o Cultural e Gastron\u00f4mico LULI.<br>14h &#8211; Apresenta\u00e7\u00f5es art\u00edsticas de diversas.<br>16h &#8211; Resenha de Samba com o Grupo de Artes Afro Serra.<\/li>\n\n\n\n<li>Durante todo o per\u00edodo:<br>Literatura: venda do Livro &#8220;Candombio&#8221;, de Deivid Preceito.<br>Exposi\u00e7\u00e3o e venda de produtos artesanais.<\/li>\n<\/ul>\n\n\n\n<p>Servi\u00e7o:<br>Local: Rua Paulo Herv\u00ea, 1.373 \u2013 Bingen &#8211; Petr\u00f3polis<br>Apoio: Centro Cultural e Gastron\u00f4mico LULI<br>Maria Claudia Moura<br>Oficina Figurino Carioca<br>Classifica\u00e7\u00e3o: Livre.<br>Inscri\u00e7\u00f5es: (24) 98189 3999<\/p>\n\n\n\n<p>Sobre o Afro Serra<br>O AFRO SERRA \u00e9 um Movimento de Resist\u00eancia da Cultura Negra em Petr\u00f3polis que nasceu em 13 de maio de 2013, tendo por objetivo principal conhecer e resgatar a mem\u00f3ria da cultura afro-brasileira na cidade e regi\u00e3o serrana. H\u00e1 sete anos o grupo promove oficinas, palestras, eventos e pesquisas atuando em escolas, faculdades e pra\u00e7as p\u00fablicas.<\/p>\n\n\n\n<p>O ESPA\u00c7O CULTURAL<br>A CASA DE CULTURA AFRO SERRA \u00e9 um sonho antigo do grupo que agora conta com um local para seus encontros. O espa\u00e7o, situado no bairro Mosela, Petr\u00f3polis, foi inaugurado em dia 13 de maio de 2019 e conta com museu, minibiblioteca, sala de v\u00eddeo e m\u00fasica, miniteatro e cozinha, onde s\u00e3o realizadas oficinas, debates, performances, dan\u00e7a, m\u00fasica, gastronomia e muito mais.<\/p>\n","protected":false},"excerpt":{"rendered":"<p>O Afro Serra promove, nos dias 26 e 27 de abril, a \u201cPrimeira Feira Preta<\/p>\n","protected":false},"author":2,"featured_media":102761,"comment_status":"open","ping_status":"open","sticky":false,"template":"","format":"standard","meta":{"footnotes":""},"categories":[12],"tags":[],"class_list":["post-102760","post","type-post","status-publish","format-standard","has-post-thumbnail","hentry","category-cidade"],"_links":{"self":[{"href":"https:\/\/tvc16.com\/portal\/wp-json\/wp\/v2\/posts\/102760","targetHints":{"allow":["GET"]}}],"collection":[{"href":"https:\/\/tvc16.com\/portal\/wp-json\/wp\/v2\/posts"}],"about":[{"href":"https:\/\/tvc16.com\/portal\/wp-json\/wp\/v2\/types\/post"}],"author":[{"embeddable":true,"href":"https:\/\/tvc16.com\/portal\/wp-json\/wp\/v2\/users\/2"}],"replies":[{"embeddable":true,"href":"https:\/\/tvc16.com\/portal\/wp-json\/wp\/v2\/comments?post=102760"}],"version-history":[{"count":1,"href":"https:\/\/tvc16.com\/portal\/wp-json\/wp\/v2\/posts\/102760\/revisions"}],"predecessor-version":[{"id":102762,"href":"https:\/\/tvc16.com\/portal\/wp-json\/wp\/v2\/posts\/102760\/revisions\/102762"}],"wp:featuredmedia":[{"embeddable":true,"href":"https:\/\/tvc16.com\/portal\/wp-json\/wp\/v2\/media\/102761"}],"wp:attachment":[{"href":"https:\/\/tvc16.com\/portal\/wp-json\/wp\/v2\/media?parent=102760"}],"wp:term":[{"taxonomy":"category","embeddable":true,"href":"https:\/\/tvc16.com\/portal\/wp-json\/wp\/v2\/categories?post=102760"},{"taxonomy":"post_tag","embeddable":true,"href":"https:\/\/tvc16.com\/portal\/wp-json\/wp\/v2\/tags?post=102760"}],"curies":[{"name":"wp","href":"https:\/\/api.w.org\/{rel}","templated":true}]}}