{"id":102776,"date":"2025-04-19T07:00:00","date_gmt":"2025-04-19T10:00:00","guid":{"rendered":"https:\/\/tvc16.com\/portal\/?p=102776"},"modified":"2025-04-18T11:50:44","modified_gmt":"2025-04-18T14:50:44","slug":"mulheres-mostram-trabalhos-que-denunciam-violacoes-de-direitos-humanos","status":"publish","type":"post","link":"https:\/\/tvc16.com\/portal\/2025\/04\/19\/mulheres-mostram-trabalhos-que-denunciam-violacoes-de-direitos-humanos\/","title":{"rendered":"Mulheres mostram trabalhos que denunciam viola\u00e7\u00f5es de direitos humanos"},"content":{"rendered":"\n<p>Bordando direitos \u00e9 o nome da exposi\u00e7\u00e3o aberta no Masp<\/p>\n\n\n\n<p>Enquanto no Chile as pe\u00e7as eram produzidas de forma individual, no MAB elas passaram a ser feitas de forma coletiva. \u201cO trip\u00e9 da nossa estrat\u00e9gia \u00e9 a luta, a forma\u00e7\u00e3o e a organiza\u00e7\u00e3o da a\u00e7\u00e3o. Como&nbsp;movimento social, a gente acredita numa luta coletiva. As&nbsp;<em>arpilleras<\/em>&nbsp;s\u00e3o o&nbsp;espa\u00e7o onde esse trip\u00e9 acontece\u201d, ressaltou Iandria.<\/p>\n\n\n\n<blockquote class=\"wp-block-quote is-layout-flow wp-block-quote-is-layout-flow\">\n<p>\u201cNessas oficinas h\u00e1 um encontro dessas mulheres, ou seja, voc\u00ea cria um espa\u00e7o seguro para que elas&nbsp;possam dividir, compartilhar e conversar sobre a experi\u00eancia que est\u00e3o tendo naquela situa\u00e7\u00e3o de serem atingidas. Ent\u00e3o, a&nbsp;<em>arpillera<\/em>&nbsp;n\u00e3o \u00e9 apenas um objeto, mas tamb\u00e9m uma ferramenta de educa\u00e7\u00e3o popular\u201d, refor\u00e7ou a curadora.<\/p>\n<\/blockquote>\n\n\n\n<p>Durante a exposi\u00e7\u00e3o, o p\u00fablico poder\u00e1 fazer parte da experi\u00eancia. O MAB vai promover uma oficina de&nbsp;<em>arpilleras&nbsp;<\/em>para o p\u00fablico, no dia 27 de abril, das 10h30 \u00e0s 13h30.<\/p>\n\n\n\n<h2 class=\"wp-block-heading\">Den\u00fancias<\/h2>\n\n\n\n<p>No Masp, as pe\u00e7as em exposi\u00e7\u00e3o denunciam n\u00e3o s\u00f3 o rompimento das barragens de Mariana e Brumadinho, como tamb\u00e9m a reforma trabalhista, a especula\u00e7\u00e3o imobili\u00e1ria, a inseguran\u00e7a alimentar, a viol\u00eancia sexual e at\u00e9 mesmo as consequ\u00eancias provocadas pela pandemia da covid-19. \u201cAs artistas [que confeccionaram essas pe\u00e7as] s\u00e3o todas atingidas por barragens. Todas elas foram atingidas pelo modelo energ\u00e9tico e por esse sistema capitalista e patriarcal. Essa \u00e9 a beleza e a den\u00fancia que a gente traz por meio&nbsp;das&nbsp;<em>arpilleras<\/em>\u201d, afirmou&nbsp;Iandria.<\/p>\n\n\n\n<p>Uma das pe\u00e7as, por exemplo, trata do desmatamento. \u201cEnquanto eles desmatam e destroem, n\u00f3s plantamos a vida\u201d, bordaram as mulheres nessa obra.<\/p>\n\n\n\n<blockquote class=\"wp-block-quote is-layout-flow wp-block-quote-is-layout-flow\">\n<p>\u201cHoje em dia, a ideia de atingido e atingida incorpora muitas outras quest\u00f5es, n\u00e3o s\u00f3 pelas barragens, hidrel\u00e9tricas ou minera\u00e7\u00e3o, mas tamb\u00e9m pelos atingidos pelas mudan\u00e7as clim\u00e1ticas\u201d, disse a curadora. \u201cMuitas dessas&nbsp;<em>arpilleras<\/em>&nbsp;v\u00e3o falar da perda de v\u00ednculo com a comunidade, por exemplo, pois quando chega uma barragem, as pessoas s\u00e3o deslocadas. Voc\u00ea \u00e9 expulso daquela regi\u00e3o e vai para outra casa que foi constru\u00edda para receber essas pessoas. S\u00e3o todas casas impessoais, sem nenhum tipo de interven\u00e7\u00e3o de quem vai morar ali. E, muitas vezes, essas casas ficam apenas no nome do homem\u201d.<\/p>\n<\/blockquote>\n\n\n\n<p>Cada&nbsp;<em>arpillera<\/em>&nbsp;vem acompanhada por uma carta, escrita por essas mulheres. \u201cNa&nbsp;<em>arpillera<\/em>&nbsp;sempre tem uma cartinha, que leva&nbsp;a mensagem de den\u00fancia para todo o pa\u00eds e at\u00e9 para fora dele\u201d, explicou Iandria.<\/p>\n\n\n\n<p>Na mostra, o p\u00fablico ter\u00e1 acesso \u00e0 sele\u00e7\u00e3o de seis cartas manuscritas. \u201cTodas as pe\u00e7as t\u00eam uma carta que \u00e9 produzida coletivamente pelas mulheres que a fizeram. Nem todas s\u00e3o manuscritas: algumas s\u00e3o digitadas, mas todas t\u00eam uma carta que fica guardada num bolsinho bordado atr\u00e1s da pe\u00e7a\u201d, disse&nbsp;a curadora.<\/p>\n\n\n\n<p><strong>Mais informa\u00e7\u00f5es podem ser encontradas no&nbsp;<a href=\"https:\/\/masp.org.br\/exposicoes\/mulheres-atingidas-por-barragens-bordando-direitos\" target=\"_blank\" rel=\"noreferrer noopener\"><em>site<\/em>&nbsp;da mostra<\/a>. O museu tem entrada gratuita \u00e0s ter\u00e7as-feiras e tamb\u00e9m nas noites de sexta, a partir das 18h. O agendamento para entrada no museu \u00e9 obrigat\u00f3rio no&nbsp;<a href=\"http:\/\/masp.org.br\/ingressos\" target=\"_blank\" rel=\"noreferrer noopener\"><em>site<\/em>&nbsp;do Masp<\/a>.&nbsp;<\/strong><\/p>\n","protected":false},"excerpt":{"rendered":"<p>Bordando direitos \u00e9 o nome da exposi\u00e7\u00e3o aberta no Masp Enquanto no Chile as pe\u00e7as<\/p>\n","protected":false},"author":2,"featured_media":102777,"comment_status":"open","ping_status":"open","sticky":false,"template":"","format":"standard","meta":{"footnotes":""},"categories":[17],"tags":[],"class_list":["post-102776","post","type-post","status-publish","format-standard","has-post-thumbnail","hentry","category-outras-noticias"],"_links":{"self":[{"href":"https:\/\/tvc16.com\/portal\/wp-json\/wp\/v2\/posts\/102776","targetHints":{"allow":["GET"]}}],"collection":[{"href":"https:\/\/tvc16.com\/portal\/wp-json\/wp\/v2\/posts"}],"about":[{"href":"https:\/\/tvc16.com\/portal\/wp-json\/wp\/v2\/types\/post"}],"author":[{"embeddable":true,"href":"https:\/\/tvc16.com\/portal\/wp-json\/wp\/v2\/users\/2"}],"replies":[{"embeddable":true,"href":"https:\/\/tvc16.com\/portal\/wp-json\/wp\/v2\/comments?post=102776"}],"version-history":[{"count":1,"href":"https:\/\/tvc16.com\/portal\/wp-json\/wp\/v2\/posts\/102776\/revisions"}],"predecessor-version":[{"id":102778,"href":"https:\/\/tvc16.com\/portal\/wp-json\/wp\/v2\/posts\/102776\/revisions\/102778"}],"wp:featuredmedia":[{"embeddable":true,"href":"https:\/\/tvc16.com\/portal\/wp-json\/wp\/v2\/media\/102777"}],"wp:attachment":[{"href":"https:\/\/tvc16.com\/portal\/wp-json\/wp\/v2\/media?parent=102776"}],"wp:term":[{"taxonomy":"category","embeddable":true,"href":"https:\/\/tvc16.com\/portal\/wp-json\/wp\/v2\/categories?post=102776"},{"taxonomy":"post_tag","embeddable":true,"href":"https:\/\/tvc16.com\/portal\/wp-json\/wp\/v2\/tags?post=102776"}],"curies":[{"name":"wp","href":"https:\/\/api.w.org\/{rel}","templated":true}]}}