{"id":102779,"date":"2025-04-19T07:00:00","date_gmt":"2025-04-19T10:00:00","guid":{"rendered":"https:\/\/tvc16.com\/portal\/?p=102779"},"modified":"2025-04-18T11:53:28","modified_gmt":"2025-04-18T14:53:28","slug":"mjsp-lamenta-a-morte-de-agentes-da-prf-em-acidente-no-rio-de-janeiro","status":"publish","type":"post","link":"https:\/\/tvc16.com\/portal\/2025\/04\/19\/mjsp-lamenta-a-morte-de-agentes-da-prf-em-acidente-no-rio-de-janeiro\/","title":{"rendered":"MJSP lamenta a morte de agentes da PRF em acidente no\u00a0Rio\u00a0de\u00a0Janeiro"},"content":{"rendered":"\n<p>Policiais rodovi\u00e1rios federais estavam em viatura da corpora\u00e7\u00e3o envolvida em acidente<\/p>\n\n\n\n<p>O Ministro da Justi\u00e7a e Seguran\u00e7a P\u00fablica, Ricardo Lewandowski, manifesta profundo pesar pela morte de tr\u00eas agentes da Pol\u00edcia Rodovi\u00e1ria Federal (PRF), na madrugada desta sexta-feira (18), em um acidente envolvendo uma viatura da corpora\u00e7\u00e3o, no Rio de Janeiro.<\/p>\n\n\n\n<p>O ministro expressa solidariedade \u00e0s fam\u00edlias e amigos das v\u00edtimas, reiterando o compromisso do Governo Federal em prestar todo o apoio necess\u00e1rio aos familiares neste momento de dor.<\/p>\n\n\n\n<p>Lewandowski destaca a import\u00e2ncia da atua\u00e7\u00e3o da PRF na preserva\u00e7\u00e3o da ordem p\u00fablica e na prote\u00e7\u00e3o da sociedade. Os policiais envolvidos estavam no exerc\u00edcio de suas fun\u00e7\u00f5es, empenhados em garantir a seguran\u00e7a nas rodovias federais durante o feriado. O ministro reconhece o trabalho incans\u00e1vel da corpora\u00e7\u00e3o e reafirma o compromisso do Minist\u00e9rio da Justi\u00e7a e Seguran\u00e7a P\u00fablica com a valoriza\u00e7\u00e3o dos profissionais de seguran\u00e7a&nbsp;p\u00fablica.<\/p>\n","protected":false},"excerpt":{"rendered":"<p>Policiais rodovi\u00e1rios federais estavam em viatura da corpora\u00e7\u00e3o envolvida em acidente O Ministro da Justi\u00e7a<\/p>\n","protected":false},"author":2,"featured_media":102780,"comment_status":"open","ping_status":"open","sticky":false,"template":"","format":"standard","meta":{"footnotes":""},"categories":[17],"tags":[],"class_list":["post-102779","post","type-post","status-publish","format-standard","has-post-thumbnail","hentry","category-outras-noticias"],"_links":{"self":[{"href":"https:\/\/tvc16.com\/portal\/wp-json\/wp\/v2\/posts\/102779","targetHints":{"allow":["GET"]}}],"collection":[{"href":"https:\/\/tvc16.com\/portal\/wp-json\/wp\/v2\/posts"}],"about":[{"href":"https:\/\/tvc16.com\/portal\/wp-json\/wp\/v2\/types\/post"}],"author":[{"embeddable":true,"href":"https:\/\/tvc16.com\/portal\/wp-json\/wp\/v2\/users\/2"}],"replies":[{"embeddable":true,"href":"https:\/\/tvc16.com\/portal\/wp-json\/wp\/v2\/comments?post=102779"}],"version-history":[{"count":1,"href":"https:\/\/tvc16.com\/portal\/wp-json\/wp\/v2\/posts\/102779\/revisions"}],"predecessor-version":[{"id":102781,"href":"https:\/\/tvc16.com\/portal\/wp-json\/wp\/v2\/posts\/102779\/revisions\/102781"}],"wp:featuredmedia":[{"embeddable":true,"href":"https:\/\/tvc16.com\/portal\/wp-json\/wp\/v2\/media\/102780"}],"wp:attachment":[{"href":"https:\/\/tvc16.com\/portal\/wp-json\/wp\/v2\/media?parent=102779"}],"wp:term":[{"taxonomy":"category","embeddable":true,"href":"https:\/\/tvc16.com\/portal\/wp-json\/wp\/v2\/categories?post=102779"},{"taxonomy":"post_tag","embeddable":true,"href":"https:\/\/tvc16.com\/portal\/wp-json\/wp\/v2\/tags?post=102779"}],"curies":[{"name":"wp","href":"https:\/\/api.w.org\/{rel}","templated":true}]}}