{"id":10278,"date":"2021-02-11T17:12:19","date_gmt":"2021-02-11T20:12:19","guid":{"rendered":"https:\/\/tvc16.com\/portal\/?p=10278"},"modified":"2021-02-11T17:12:22","modified_gmt":"2021-02-11T20:12:22","slug":"papa-nomeia-para-o-brasil-bispo-que-atuou-no-norte-de-mocambique","status":"publish","type":"post","link":"https:\/\/tvc16.com\/portal\/2021\/02\/11\/papa-nomeia-para-o-brasil-bispo-que-atuou-no-norte-de-mocambique\/","title":{"rendered":"Papa nomeia para o Brasil bispo que atuou no norte de Mo\u00e7ambique"},"content":{"rendered":"\n<p>O papa Francisco nomeou Luiz Fernando Lisboa, que era desde 2013 bispo da diocese de Pemba, no norte de Mo\u00e7ambique, como bispo de Cachoeiro do&nbsp;Itapemirim, no Brasil, anunciou hoje (11) a Confer\u00eancia Episcopal de Mo\u00e7ambique.<img decoding=\"async\" src=\"https:\/\/agenciabrasil.ebc.com.br\/ebc.png?id=1401146&amp;o=node\"><img decoding=\"async\" src=\"https:\/\/agenciabrasil.ebc.com.br\/ebc.gif?id=1401146&amp;o=node\"><\/p>\n\n\n\n<p>Em comunicado, a&nbsp;entidade eclesi\u00e1stica agradeceu o fato de ter&nbsp;contado, desde o ano 2013,&nbsp;com um &#8220;grande mission\u00e1rio do Brasil como bispo&#8221; na prov\u00edncia de Cabo Delgado.<\/p>\n\n\n\n<p>Luiz Fernando Lisboa volta ao Brasil, depois de ter sido uma das vozes mais ativas em&nbsp;n\u00edvel local e internacional na crise humanit\u00e1ria vivida no norte de Mo\u00e7ambique, devido aos ataques de grupos armados naquela regi\u00e3o rica em g\u00e1s natural, mas de muita&nbsp;pobreza.<\/p>\n\n\n\n<p>Segundo a diocese,&nbsp;Luiz Fernando Lisboa encontra-se no Brasil e dever\u00e1 voltar a Pemba no final do m\u00eas para as despedidas.<\/p>\n\n\n\n<p>O papa Franciso nomeou tamb\u00e9m&nbsp;Ant\u00f4nio Juliasse Ferreira Sandramo, bispo auxiliar de Maputo, como administrador apost\u00f3lico de Pemba.&nbsp;<\/p>\n\n\n\n<p>A viol\u00eancia armada na prov\u00edncia do norte&nbsp;de Mo\u00e7ambique, onde se desenvolve o maior investimento multinacional privado da&nbsp;\u00c1frica&nbsp;para a explora\u00e7\u00e3o de g\u00e1s natural, est\u00e1 provocando&nbsp;uma crise humanit\u00e1ria com mais de duas mil mortes e 560 mil pessoas deslocadas, sem habita\u00e7\u00e3o, nem alimentos, concentrando-se sobretudo na capital provincial, Pemba.<\/p>\n\n\n\n<p>Algumas das a\u00e7\u00f5es\u00a0passaram a ser reivindicadas pelo grupo jihadista\u00a0Estado Isl\u00e2mico desde 2019.<\/p>\n\n\n\n<p>Por RTP &#8211; Lisboa<\/p>\n","protected":false},"excerpt":{"rendered":"<p>O papa Francisco nomeou Luiz Fernando Lisboa, que era desde 2013 bispo da diocese de<\/p>\n","protected":false},"author":2,"featured_media":10279,"comment_status":"open","ping_status":"open","sticky":false,"template":"","format":"standard","meta":{"footnotes":""},"categories":[17],"tags":[],"class_list":["post-10278","post","type-post","status-publish","format-standard","has-post-thumbnail","hentry","category-outras-noticias"],"_links":{"self":[{"href":"https:\/\/tvc16.com\/portal\/wp-json\/wp\/v2\/posts\/10278","targetHints":{"allow":["GET"]}}],"collection":[{"href":"https:\/\/tvc16.com\/portal\/wp-json\/wp\/v2\/posts"}],"about":[{"href":"https:\/\/tvc16.com\/portal\/wp-json\/wp\/v2\/types\/post"}],"author":[{"embeddable":true,"href":"https:\/\/tvc16.com\/portal\/wp-json\/wp\/v2\/users\/2"}],"replies":[{"embeddable":true,"href":"https:\/\/tvc16.com\/portal\/wp-json\/wp\/v2\/comments?post=10278"}],"version-history":[{"count":1,"href":"https:\/\/tvc16.com\/portal\/wp-json\/wp\/v2\/posts\/10278\/revisions"}],"predecessor-version":[{"id":10280,"href":"https:\/\/tvc16.com\/portal\/wp-json\/wp\/v2\/posts\/10278\/revisions\/10280"}],"wp:featuredmedia":[{"embeddable":true,"href":"https:\/\/tvc16.com\/portal\/wp-json\/wp\/v2\/media\/10279"}],"wp:attachment":[{"href":"https:\/\/tvc16.com\/portal\/wp-json\/wp\/v2\/media?parent=10278"}],"wp:term":[{"taxonomy":"category","embeddable":true,"href":"https:\/\/tvc16.com\/portal\/wp-json\/wp\/v2\/categories?post=10278"},{"taxonomy":"post_tag","embeddable":true,"href":"https:\/\/tvc16.com\/portal\/wp-json\/wp\/v2\/tags?post=10278"}],"curies":[{"name":"wp","href":"https:\/\/api.w.org\/{rel}","templated":true}]}}