{"id":102782,"date":"2025-04-20T07:00:00","date_gmt":"2025-04-20T10:00:00","guid":{"rendered":"https:\/\/tvc16.com\/portal\/?p=102782"},"modified":"2025-04-18T11:54:43","modified_gmt":"2025-04-18T14:54:43","slug":"espetaculo-jorge-o-santo-guerreiro-narra-a-trajetoria-de-fepeca-carrega-simbolismo-da-luta-entre-o-bem-e-mal","status":"publish","type":"post","link":"https:\/\/tvc16.com\/portal\/2025\/04\/20\/espetaculo-jorge-o-santo-guerreiro-narra-a-trajetoria-de-fepeca-carrega-simbolismo-da-luta-entre-o-bem-e-mal\/","title":{"rendered":"Espet\u00e1culo \u201cJorge, o Santo Guerreiro\u201d narra a trajet\u00f3ria de f\u00e9Pe\u00e7a carrega simbolismo da luta entre o bem e mal"},"content":{"rendered":"\n<p>Por Leandra Lima<\/p>\n\n\n\n<p>Dia 23 de abril \u00e9 celebrado o dia de S\u00e3o Jorge, o santo guerreiro, que \u00e9 considerado um s\u00edmbolo de coragem e f\u00e9. Sua imagem \u00e9 atrelada a de um guerreiro que vem salvar a humanidade em cima de um cavalo branco, exterminando um drag\u00e3o que representa risco. Ele tamb\u00e9m representa a vit\u00f3ria do bem contra o mal, j\u00e1 que a trajet\u00f3ria de vida do guerreiro \u00e9 marcada pela oposi\u00e7\u00e3o \u00e0 ideia do imperador de Roma, e persist\u00eancia.<\/p>\n\n\n\n<p>Na cultura brasileira muitos devotos veem nele o exemplo de for\u00e7a para lidar com adversidades do dia a dia, a composi\u00e7\u00e3o musical de Gabriel Moura, Seu Jorge, Pretinho da Serrinha e Leandro Fab, elucida bem a ideia, \u201cJorge vem de l\u00e1 da Capad\u00f3cia, montado em seu cavalo na m\u00e3o a sua lan\u00e7a, defendendo o povo do perigo, das mazelas do inimigo, vem trazendo a esperan\u00e7a. Jorge, nosso povo brasileiro, tem alma de guerreiro, n\u00e3o cansa de lutar, enfrentando um drag\u00e3o por dia, na sua companhia a gente chega l\u00e1\u201d, trecho da composi\u00e7\u00e3o musical. Assim como a m\u00fasica, a pe\u00e7a teatral \u201cJorge, O Santo Guerreiro\u201d, da Satura Companhia de Teatro, traz a ess\u00eancia e a alma do guerreiro que se manteve firme mesmo com os obst\u00e1culos.<\/p>\n\n\n\n<p>O espet\u00e1culo que estar\u00e1 em cartaz no mesmo dia da celebra\u00e7\u00e3o, 23 de abril, no Teatro Imperial, \u00e0s 19h, narra a hist\u00f3ria de Jorge, que era filho de pais crist\u00e3os, e natural da Capad\u00f3cia. Ap\u00f3s o nascimento, foi criado na Palestina, e l\u00e1 come\u00e7ou a carreira militar, sendo promovido a capit\u00e3o do ex\u00e9rcito romano, aos 23 anos. Segundo o diretor da pe\u00e7a, Fred Justen, a obra art\u00edstica se passa neste per\u00edodo em que a persegui\u00e7\u00e3o contra crist\u00e3os era constante, por conta das ordens do Imperador Diocleciano.<\/p>\n\n\n\n<p>Neste contexto, Jorge n\u00e3o escapou das determina\u00e7\u00f5es e foi alvo dos ataques, por\u00e9m se manteve firme, sem renunciar \u00e0 pr\u00f3pria f\u00e9. A hist\u00f3ria acompanha toda a trajet\u00f3ria at\u00e9 o momento que \u00e9 degolado. A montagem conta com um elenco de oito atores, sendo eles: Rafael Nogueira, Marcos Retondar, Christiane Carvalho, Cristopher Raoni, J\u00e9ssica Leite, Beth Medeiros, Matheus Jeronymo e Elbes Laurentino. A m\u00fasica que acompanha todo enredo tem dire\u00e7\u00e3o musical de Nino Ramos e arranjos de Pedro Ribeiro, os m\u00fasicos Marcelo Almeida (viol\u00e3o), L\u00e9o Batuque (percuss\u00e3o) e Cleiton Batista (piano), tamb\u00e9m est\u00e3o inseridos nas cenas.<\/p>\n\n\n\n<p>A obra carrega consigo a imagem de um her\u00f3i, al\u00e9m de marcar os 32 anos da Satura Companhia de Teatro, a pe\u00e7a refor\u00e7a a ideia de que o teatro \u00e9 uma arte encantadora que desde de seu surgimento na forma mais primitiva tem sido lido como uma ferramenta de transforma\u00e7\u00e3o social e guardi\u00e3o das mem\u00f3rias e do l\u00fadico, al\u00e9m de ser o espelho da sociedade.<\/p>\n\n\n\n<p>Os ingressos de \u201cJorge, O Santo Guerreiro\u201d podem ser adquiridos na bilheteria do Teatro Imperial ou pelo site Ingresso Digital.<\/p>\n\n\n\n<p>Fotos: Tiago Vieira<\/p>\n","protected":false},"excerpt":{"rendered":"<p>Por Leandra Lima Dia 23 de abril \u00e9 celebrado o dia de S\u00e3o Jorge, o<\/p>\n","protected":false},"author":2,"featured_media":102783,"comment_status":"open","ping_status":"open","sticky":false,"template":"","format":"standard","meta":{"footnotes":""},"categories":[12],"tags":[],"class_list":["post-102782","post","type-post","status-publish","format-standard","has-post-thumbnail","hentry","category-cidade"],"_links":{"self":[{"href":"https:\/\/tvc16.com\/portal\/wp-json\/wp\/v2\/posts\/102782","targetHints":{"allow":["GET"]}}],"collection":[{"href":"https:\/\/tvc16.com\/portal\/wp-json\/wp\/v2\/posts"}],"about":[{"href":"https:\/\/tvc16.com\/portal\/wp-json\/wp\/v2\/types\/post"}],"author":[{"embeddable":true,"href":"https:\/\/tvc16.com\/portal\/wp-json\/wp\/v2\/users\/2"}],"replies":[{"embeddable":true,"href":"https:\/\/tvc16.com\/portal\/wp-json\/wp\/v2\/comments?post=102782"}],"version-history":[{"count":1,"href":"https:\/\/tvc16.com\/portal\/wp-json\/wp\/v2\/posts\/102782\/revisions"}],"predecessor-version":[{"id":102784,"href":"https:\/\/tvc16.com\/portal\/wp-json\/wp\/v2\/posts\/102782\/revisions\/102784"}],"wp:featuredmedia":[{"embeddable":true,"href":"https:\/\/tvc16.com\/portal\/wp-json\/wp\/v2\/media\/102783"}],"wp:attachment":[{"href":"https:\/\/tvc16.com\/portal\/wp-json\/wp\/v2\/media?parent=102782"}],"wp:term":[{"taxonomy":"category","embeddable":true,"href":"https:\/\/tvc16.com\/portal\/wp-json\/wp\/v2\/categories?post=102782"},{"taxonomy":"post_tag","embeddable":true,"href":"https:\/\/tvc16.com\/portal\/wp-json\/wp\/v2\/tags?post=102782"}],"curies":[{"name":"wp","href":"https:\/\/api.w.org\/{rel}","templated":true}]}}