{"id":102790,"date":"2025-04-20T07:00:00","date_gmt":"2025-04-20T10:00:00","guid":{"rendered":"https:\/\/tvc16.com\/portal\/?p=102790"},"modified":"2025-04-18T12:00:47","modified_gmt":"2025-04-18T15:00:47","slug":"abril-verde-especialista-explica-como-a-cultura-organizacional-pode-salvar-vidas-no-trabalho","status":"publish","type":"post","link":"https:\/\/tvc16.com\/portal\/2025\/04\/20\/abril-verde-especialista-explica-como-a-cultura-organizacional-pode-salvar-vidas-no-trabalho\/","title":{"rendered":"Abril Verde: especialista explica como a cultura organizacional pode salvar vidas no trabalho"},"content":{"rendered":"\n<p>Abril \u00e9 o m\u00eas da conscientiza\u00e7\u00e3o sobre sa\u00fade e seguran\u00e7a no ambiente de trabalho. Com o s\u00edmbolo da cor verde e a\u00e7\u00f5es espalhadas por todo o pa\u00eds, o movimento Abril Verde busca alertar empresas e profissionais sobre a import\u00e2ncia de tornar os espa\u00e7os laborais mais seguros, humanos e preventivos. Al\u00e9m dos equipamentos de prote\u00e7\u00e3o, treinamentos e normas regulamentadoras, um fator fundamental muitas vezes passa despercebido: a cultura organizacional.<br>De acordo com especialistas, a seguran\u00e7a no trabalho n\u00e3o se resume \u00e0 disponibiliza\u00e7\u00e3o de Equipamentos de Prote\u00e7\u00e3o Individual (EPIs) ou \u00e0 fixa\u00e7\u00e3o de cartazes com orienta\u00e7\u00f5es.<br>&#8220;Se a lideran\u00e7a n\u00e3o d\u00e1 o exemplo, se o trabalhador sente medo de relatar falhas ou se metas excessivas colocam a produtividade acima da sa\u00fade, o risco de acidentes e doen\u00e7as ocupacionais aumenta consideravelmente&#8221;, alerta o administrador, contador e docente da Est\u00e1cio, Rodrigo Winter Afonso. Para ele, empresas que realmente priorizam a seguran\u00e7a constroem um ambiente no qual o cuidado \u00e9 uma responsabilidade coletiva e constante.<br>&#8220;\u00c9 essencial que a cultura organizacional valorize a vida, incentive a preven\u00e7\u00e3o e promova um ambiente de escuta ativa, no qual os funcion\u00e1rios sintam-se confort\u00e1veis para reportar problemas sem medo de puni\u00e7\u00f5es&#8221;.<br>A gest\u00e3o moderna compreende sa\u00fade e seguran\u00e7a como temas estrat\u00e9gicos. &#8220;Um ambiente saud\u00e1vel reduz afastamentos, melhora a produtividade, fortalece o engajamento e evita preju\u00edzos trabalhistas&#8221;, explica Rodrigo.<br>Investir em ergonomia, rotinas seguras e bem-estar mental n\u00e3o deve ser encarado como um custo, mas sim como uma estrat\u00e9gia inteligente de gest\u00e3o. Al\u00e9m disso, adotar uma abordagem na qual erros s\u00e3o tratados como oportunidades de aprendizado, e n\u00e3o como motivos para puni\u00e7\u00f5es, \u00e9 essencial para evitar acidentes.<br>&#8220;A cultura organizacional precisa incentivar a transpar\u00eancia e a comunica\u00e7\u00e3o aberta para que problemas sejam identificados antes que se tornem graves&#8221;, refor\u00e7a.<br>O movimento Abril Verde serve como um convite para l\u00edderes empresariais refletirem sobre a seguran\u00e7a dentro de suas organiza\u00e7\u00f5es.<br>&#8220;Meus colaboradores se sentem seguros? Eles t\u00eam voz? A cultura que promovemos valoriza a vida acima das metas e prazos? Essas s\u00e3o quest\u00f5es fundamentais para gestores que realmente querem fazer a diferen\u00e7a&#8221;, destaca o especialista.<br>Pequenas atitudes podem gerar grandes mudan\u00e7as. Desde conversas abertas com a equipe at\u00e9 a revis\u00e3o de processos e a valoriza\u00e7\u00e3o do papel da Comiss\u00e3o Interna de Preven\u00e7\u00e3o de Acidentes (CIPA), cada a\u00e7\u00e3o contribui para a constru\u00e7\u00e3o de um ambiente de trabalho mais seguro e humano.<br>A seguran\u00e7a no trabalho come\u00e7a na mentalidade da empresa.<br>&#8220;Mais do que capacetes e placas de alerta, \u00e9 a cultura organizacional que determina o compromisso real de uma empresa com a vida de seus colaboradores&#8221;, conclui Rodrigo Winter Afonso.<br>Uma cultura que coloca a vida em primeiro lugar n\u00e3o apenas previne acidentes, mas tamb\u00e9m fortalece a sustentabilidade e o sucesso do neg\u00f3cio.<\/p>\n","protected":false},"excerpt":{"rendered":"<p>Abril \u00e9 o m\u00eas da conscientiza\u00e7\u00e3o sobre sa\u00fade e seguran\u00e7a no ambiente de trabalho. Com<\/p>\n","protected":false},"author":2,"featured_media":93184,"comment_status":"open","ping_status":"open","sticky":false,"template":"","format":"standard","meta":{"footnotes":""},"categories":[12],"tags":[],"class_list":["post-102790","post","type-post","status-publish","format-standard","has-post-thumbnail","hentry","category-cidade"],"_links":{"self":[{"href":"https:\/\/tvc16.com\/portal\/wp-json\/wp\/v2\/posts\/102790","targetHints":{"allow":["GET"]}}],"collection":[{"href":"https:\/\/tvc16.com\/portal\/wp-json\/wp\/v2\/posts"}],"about":[{"href":"https:\/\/tvc16.com\/portal\/wp-json\/wp\/v2\/types\/post"}],"author":[{"embeddable":true,"href":"https:\/\/tvc16.com\/portal\/wp-json\/wp\/v2\/users\/2"}],"replies":[{"embeddable":true,"href":"https:\/\/tvc16.com\/portal\/wp-json\/wp\/v2\/comments?post=102790"}],"version-history":[{"count":1,"href":"https:\/\/tvc16.com\/portal\/wp-json\/wp\/v2\/posts\/102790\/revisions"}],"predecessor-version":[{"id":102791,"href":"https:\/\/tvc16.com\/portal\/wp-json\/wp\/v2\/posts\/102790\/revisions\/102791"}],"wp:featuredmedia":[{"embeddable":true,"href":"https:\/\/tvc16.com\/portal\/wp-json\/wp\/v2\/media\/93184"}],"wp:attachment":[{"href":"https:\/\/tvc16.com\/portal\/wp-json\/wp\/v2\/media?parent=102790"}],"wp:term":[{"taxonomy":"category","embeddable":true,"href":"https:\/\/tvc16.com\/portal\/wp-json\/wp\/v2\/categories?post=102790"},{"taxonomy":"post_tag","embeddable":true,"href":"https:\/\/tvc16.com\/portal\/wp-json\/wp\/v2\/tags?post=102790"}],"curies":[{"name":"wp","href":"https:\/\/api.w.org\/{rel}","templated":true}]}}