{"id":102792,"date":"2025-04-19T07:00:00","date_gmt":"2025-04-19T10:00:00","guid":{"rendered":"https:\/\/tvc16.com\/portal\/?p=102792"},"modified":"2025-04-18T12:27:40","modified_gmt":"2025-04-18T15:27:40","slug":"nova-regra-para-emissao-de-notas-fiscais-do-mei-entra-em-vigor-em-abril","status":"publish","type":"post","link":"https:\/\/tvc16.com\/portal\/2025\/04\/19\/nova-regra-para-emissao-de-notas-fiscais-do-mei-entra-em-vigor-em-abril\/","title":{"rendered":"Nova regra para emiss\u00e3o de notas fiscais do MEI entra em vigor em abril"},"content":{"rendered":"\n<p>Contador alerta que mudan\u00e7a exige aten\u00e7\u00e3o dos microempreendedores para evitar problemas fiscais<\/p>\n\n\n\n<p>Todos os profissionais cadastrados como Microempreendedor Individual (MEI) devem ficar atentos: a partir do dia 1\u00ba de abril deste ano as notas fiscais precisar\u00e3o, obrigatoriamente, incluir o C\u00f3digo de Regime Tribut\u00e1rio (CRT) \u201c4 &#8211; Simples Nacional &#8211; Microempreendedor Individual&#8221;. O alerta \u00e9 do contador Uanderson Rebula, que explica que a exig\u00eancia busca padronizar as informa\u00e7\u00f5es fiscais e facilitar a identifica\u00e7\u00e3o do regime tribut\u00e1rio dos emitentes.<\/p>\n\n\n\n<p>A mudan\u00e7a estava prevista para entrar em vigor em setembro de 2024, mas foi prorrogada duas vezes a fim de permitir a adapta\u00e7\u00e3o dos sistemas de emiss\u00e3o de notas fiscais.<\/p>\n\n\n\n<p>Segundo Uanderson, que \u00e9 professor do curso de Ci\u00eancias Cont\u00e1beis da Est\u00e1cio, essa padroniza\u00e7\u00e3o \u00e9 importante porque traz mais clareza \u00e0s opera\u00e7\u00f5es fiscais, al\u00e9m de permitir um melhor controle tribut\u00e1rio por parte dos \u00f3rg\u00e3os competentes. Ele alerta que o descumprimento dessa nova exig\u00eancia pode gerar penalidades e dificultar as transa\u00e7\u00f5es comerciais.<\/p>\n\n\n\n<p>\u201cAs notas fiscais s\u00e3o fundamentais para os MEIs por diversos motivos, incluindo legalidade, credibilidade e organiza\u00e7\u00e3o financeira. \u00c9 importante observar que embora o MEI n\u00e3o precise emitir nota fiscal para consumidores finais (pessoas f\u00edsicas), ele \u00e9 obrigado a emitir quando vende para empresas (pessoas jur\u00eddicas), salvo exce\u00e7\u00f5es. Al\u00e9m disso, manter a emiss\u00e3o correta ajuda o MEI a evitar multas e complica\u00e7\u00f5es fiscais, al\u00e9m de garantir que est\u00e1 cumprindo suas obriga\u00e7\u00f5es tribut\u00e1rias\u201d.<\/p>\n\n\n\n<p>O professor da Est\u00e1cio explica que, na pr\u00e1tica, n\u00e3o h\u00e1 uma mudan\u00e7a significativa no processo de emiss\u00e3o das notas fiscais:<\/p>\n\n\n\n<p>\u201cPara o Microempreendedor Individual, o sistema de emiss\u00e3o j\u00e1 estar\u00e1 preparado para inserir automaticamente o CRT adequado. O importante \u00e9 que o empreendedor mantenha o sistema atualizado para evitar problemas futuros. O CRT ser\u00e1 inclu\u00eddo automaticamente nos campos espec\u00edficos das notas fiscais pelo pr\u00f3prio sistema de emiss\u00e3o, desde que este esteja devidamente configurado. Em muitos casos, o usu\u00e1rio nem perceber\u00e1 essa altera\u00e7\u00e3o, j\u00e1 que os sistemas informatizados realizam essa inser\u00e7\u00e3o de forma automatizada\u201d.<\/p>\n\n\n\n<p>O C\u00f3digo de Regime Tribut\u00e1rio (CRT) \u00e9 um identificador obrigat\u00f3rio que informa sob qual regime tribut\u00e1rio a empresa est\u00e1 enquadrada. Ele \u00e9 utilizado para facilitar a fiscaliza\u00e7\u00e3o e padronizar a emiss\u00e3o de documentos fiscais. Para o MEI, o CRT sempre ser\u00e1 o c\u00f3digo &#8220;4 &#8211; Simples Nacional &#8211; Microempreendedor Individual&#8221;.<\/p>\n\n\n\n<p>\u201cCom essa mudan\u00e7a, espera-se uma melhor integra\u00e7\u00e3o dos dados fiscais e uma maior organiza\u00e7\u00e3o nas obriga\u00e7\u00f5es tribut\u00e1rias, tornando o ambiente de neg\u00f3cios mais transparente e eficiente\u201d, esclarece o profissional.<\/p>\n\n\n\n<p>Outra nova exig\u00eancia diz respeito ao C\u00f3digo Fiscal de Opera\u00e7\u00f5es e de Presta\u00e7\u00f5es (CFOP), com a atualiza\u00e7\u00e3o da tabela incluindo novos c\u00f3digos que podem ser utilizados pelo MEI. Sendo assim, sempre que a legisla\u00e7\u00e3o exigir que o MEI emita NF-e e NFC-e, o microempreendedor dever\u00e1 adotar o CRT 4, e, conjuntamente, adotar o CFOP adequado \u00e0 sua opera\u00e7\u00e3o fiscal.<\/p>\n","protected":false},"excerpt":{"rendered":"<p>Contador alerta que mudan\u00e7a exige aten\u00e7\u00e3o dos microempreendedores para evitar problemas fiscais Todos os profissionais<\/p>\n","protected":false},"author":2,"featured_media":102793,"comment_status":"open","ping_status":"open","sticky":false,"template":"","format":"standard","meta":{"footnotes":""},"categories":[12],"tags":[],"class_list":["post-102792","post","type-post","status-publish","format-standard","has-post-thumbnail","hentry","category-cidade"],"_links":{"self":[{"href":"https:\/\/tvc16.com\/portal\/wp-json\/wp\/v2\/posts\/102792","targetHints":{"allow":["GET"]}}],"collection":[{"href":"https:\/\/tvc16.com\/portal\/wp-json\/wp\/v2\/posts"}],"about":[{"href":"https:\/\/tvc16.com\/portal\/wp-json\/wp\/v2\/types\/post"}],"author":[{"embeddable":true,"href":"https:\/\/tvc16.com\/portal\/wp-json\/wp\/v2\/users\/2"}],"replies":[{"embeddable":true,"href":"https:\/\/tvc16.com\/portal\/wp-json\/wp\/v2\/comments?post=102792"}],"version-history":[{"count":1,"href":"https:\/\/tvc16.com\/portal\/wp-json\/wp\/v2\/posts\/102792\/revisions"}],"predecessor-version":[{"id":102794,"href":"https:\/\/tvc16.com\/portal\/wp-json\/wp\/v2\/posts\/102792\/revisions\/102794"}],"wp:featuredmedia":[{"embeddable":true,"href":"https:\/\/tvc16.com\/portal\/wp-json\/wp\/v2\/media\/102793"}],"wp:attachment":[{"href":"https:\/\/tvc16.com\/portal\/wp-json\/wp\/v2\/media?parent=102792"}],"wp:term":[{"taxonomy":"category","embeddable":true,"href":"https:\/\/tvc16.com\/portal\/wp-json\/wp\/v2\/categories?post=102792"},{"taxonomy":"post_tag","embeddable":true,"href":"https:\/\/tvc16.com\/portal\/wp-json\/wp\/v2\/tags?post=102792"}],"curies":[{"name":"wp","href":"https:\/\/api.w.org\/{rel}","templated":true}]}}