{"id":102797,"date":"2025-04-20T07:00:00","date_gmt":"2025-04-20T10:00:00","guid":{"rendered":"https:\/\/tvc16.com\/portal\/?p=102797"},"modified":"2025-04-18T12:18:19","modified_gmt":"2025-04-18T15:18:19","slug":"aprendendo-um-pouco-sobre-o-autismo-a-importancia-do-dia-mundial-da-conscientizacao-do-autismopor-ana-cristina-fabbri-psicologa-e-docente-da-estacio","status":"publish","type":"post","link":"https:\/\/tvc16.com\/portal\/2025\/04\/20\/aprendendo-um-pouco-sobre-o-autismo-a-importancia-do-dia-mundial-da-conscientizacao-do-autismopor-ana-cristina-fabbri-psicologa-e-docente-da-estacio\/","title":{"rendered":"Aprendendo um pouco sobre o Autismo: A Import\u00e2ncia do Dia Mundial da Conscientiza\u00e7\u00e3o do AutismoPor Ana Cristina Fabbri &#8211; psic\u00f3loga e docente da Est\u00e1cio"},"content":{"rendered":"\n<p>O Dia Mundial da Conscientiza\u00e7\u00e3o do Autismo, celebrado anualmente em 2 de abril, foi institu\u00eddo pela Organiza\u00e7\u00e3o das Na\u00e7\u00f5es Unidas (ONU) em 2007 com o objetivo de ampliar a compreens\u00e3o sobre o Transtorno do Espectro Autista (TEA) e promover o respeito, a inclus\u00e3o e a garantia de direitos para as pessoas autistas.<\/p>\n\n\n\n<p>O autismo \u00e9 um transtorno do neurodesenvolvimento que afeta a comunica\u00e7\u00e3o, a intera\u00e7\u00e3o social e o comportamento. Ele se manifesta de maneiras diferentes em cada indiv\u00edduo, variando desde formas mais leves at\u00e9 casos que exigem maior suporte. Por isso, o termo espectro \u00e9 utilizado, pois compreende uma ampla diversidade de perfis e necessidades.<\/p>\n\n\n\n<p>Apesar dos avan\u00e7os na pesquisa e no diagn\u00f3stico, o preconceito e a desinforma\u00e7\u00e3o ainda s\u00e3o grandes desafios. Muitas pessoas autistas enfrentam barreiras para acessar educa\u00e7\u00e3o de qualidade, atendimento m\u00e9dico adequado e oportunidades de emprego. O Dia Mundial da Conscientiza\u00e7\u00e3o do Autismo surge, portanto, como uma oportunidade para refor\u00e7ar a import\u00e2ncia do respeito \u00e0 neurodiversidade e da constru\u00e7\u00e3o de uma sociedade mais inclusiva.<\/p>\n\n\n\n<p>A import\u00e2ncia da conscientiza\u00e7\u00e3o e do diagn\u00f3stico precoce<\/p>\n\n\n\n<p>Uma das raz\u00f5es pelas quais essa data \u00e9 t\u00e3o relevante \u00e9 a necessidade de promover a informa\u00e7\u00e3o correta sobre o autismo. Muitas pessoas ainda associam o transtorno a estere\u00f3tipos ultrapassados, como a ideia de que todas as pessoas autistas n\u00e3o falam ou possuem habilidades extraordin\u00e1rias, como aquelas retratadas em filmes e s\u00e9ries. Na realidade, o autismo se manifesta de formas \u00fanicas em cada indiv\u00edduo, e generaliza\u00e7\u00f5es podem ser prejudiciais.<\/p>\n\n\n\n<p>A conscientiza\u00e7\u00e3o tamb\u00e9m desempenha um papel fundamental na identifica\u00e7\u00e3o precoce do TEA. Quanto mais cedo uma crian\u00e7a recebe o diagn\u00f3stico, mais rapidamente ela pode ter acesso a interven\u00e7\u00f5es que auxiliem em seu desenvolvimento e qualidade de vida. O suporte adequado pode incluir terapias ocupacionais, fonoaudiologia, acompanhamento psicol\u00f3gico e apoio educacional especializado.<\/p>\n\n\n\n<p>Al\u00e9m disso, o diagn\u00f3stico precoce contribui para que fam\u00edlias e educadores possam compreender melhor as necessidades da crian\u00e7a, evitando frustra\u00e7\u00f5es e possibilitando um ambiente mais acolhedor. No entanto, \u00e9 fundamental que o diagn\u00f3stico seja feito por profissionais capacitados e que respeitem a individualidade de cada pessoa autista.<\/p>\n\n\n\n<p>Inclus\u00e3o e acessibilidade: um compromisso de toda a sociedade<\/p>\n\n\n\n<p>O Dia Mundial da Conscientiza\u00e7\u00e3o do Autismo tamb\u00e9m refor\u00e7a a necessidade de uma sociedade mais inclusiva e acess\u00edvel para pessoas autistas em todas as fases da vida. Isso inclui desde escolas que adotem metodologias adaptadas at\u00e9 empresas que promovam a diversidade e ofere\u00e7am oportunidades para profissionais autistas.<\/p>\n\n\n\n<p>A inclus\u00e3o no ambiente escolar \u00e9 um dos maiores desafios enfrentados pelas fam\u00edlias. Muitas crian\u00e7as autistas encontram dificuldades para serem aceitas em escolas regulares ou n\u00e3o recebem o suporte necess\u00e1rio para seu desenvolvimento. A falta de capacita\u00e7\u00e3o de professores e de recursos pedag\u00f3gicos adaptados pode prejudicar o aprendizado e a socializa\u00e7\u00e3o.<\/p>\n\n\n\n<p>No mercado de trabalho, pessoas autistas muitas vezes enfrentam barreiras devido \u00e0 falta de compreens\u00e3o sobre suas particularidades. Algumas possuem grandes habilidades em \u00e1reas espec\u00edficas, como tecnologia e artes, mas podem encontrar dificuldades em ambientes que n\u00e3o respeitam suas necessidades sensoriais e de comunica\u00e7\u00e3o. Programas de inclus\u00e3o, aliados a um ambiente de trabalho acolhedor, podem fazer a diferen\u00e7a na vida de muitas pessoas autistas.<\/p>\n\n\n\n<p>O s\u00edmbolo do autismo e a campanha de conscientiza\u00e7\u00e3o<\/p>\n\n\n\n<p>A cor azul foi escolhida como s\u00edmbolo da conscientiza\u00e7\u00e3o sobre o autismo por representar calma e serenidade. Durante o m\u00eas de abril, diversas campanhas s\u00e3o promovidas em todo o mundo, e monumentos e pr\u00e9dios s\u00e3o iluminados de azul para refor\u00e7ar a visibilidade da causa.<\/p>\n\n\n\n<p>Outro s\u00edmbolo amplamente utilizado \u00e9 o puzzle (quebra-cabe\u00e7a), que representa a complexidade do espectro autista e a singularidade de cada indiv\u00edduo dentro dele. No entanto, muitas pessoas autistas e suas fam\u00edlias preferem utilizar s\u00edmbolos que enfatizem a neurodiversidade, como o infinito colorido, que representa a diversidade dentro do espectro.<\/p>\n\n\n\n<p>Um compromisso para al\u00e9m de um \u00fanico dia<\/p>\n\n\n\n<p>Embora o dia 2 de abril seja uma data importante para destacar a conscientiza\u00e7\u00e3o sobre o autismo, \u00e9 essencial que essa luta aconte\u00e7a todos os dias. A inclus\u00e3o e o respeito \u00e0s pessoas autistas devem ser compromissos permanentes, refletidos em pol\u00edticas p\u00fablicas, acessibilidade, educa\u00e7\u00e3o de qualidade e oportunidades iguais.<\/p>\n\n\n\n<p>A sociedade precisa estar preparada para acolher a diversidade e garantir que pessoas autistas tenham seus direitos respeitados. Isso significa n\u00e3o apenas combater o preconceito, mas tamb\u00e9m criar ambientes que favore\u00e7am sua autonomia e bem-estar.<\/p>\n\n\n\n<p>No final das contas, a conscientiza\u00e7\u00e3o sobre o autismo n\u00e3o beneficia apenas as pessoas no espectro, mas toda a sociedade. Quando aprendemos a valorizar as diferen\u00e7as e a respeitar o modo \u00fanico de cada pessoa ser e se expressar, estamos construindo um mundo mais emp\u00e1tico, justo e humano.<\/p>\n\n\n\n<p>Respeitar o autismo \u00e9 respeitar a diversidade!<\/p>\n","protected":false},"excerpt":{"rendered":"<p>O Dia Mundial da Conscientiza\u00e7\u00e3o do Autismo, celebrado anualmente em 2 de abril, foi institu\u00eddo<\/p>\n","protected":false},"author":2,"featured_media":86426,"comment_status":"open","ping_status":"open","sticky":false,"template":"","format":"standard","meta":{"footnotes":""},"categories":[12,1],"tags":[],"class_list":["post-102797","post","type-post","status-publish","format-standard","has-post-thumbnail","hentry","category-cidade","category-uncategorized"],"_links":{"self":[{"href":"https:\/\/tvc16.com\/portal\/wp-json\/wp\/v2\/posts\/102797","targetHints":{"allow":["GET"]}}],"collection":[{"href":"https:\/\/tvc16.com\/portal\/wp-json\/wp\/v2\/posts"}],"about":[{"href":"https:\/\/tvc16.com\/portal\/wp-json\/wp\/v2\/types\/post"}],"author":[{"embeddable":true,"href":"https:\/\/tvc16.com\/portal\/wp-json\/wp\/v2\/users\/2"}],"replies":[{"embeddable":true,"href":"https:\/\/tvc16.com\/portal\/wp-json\/wp\/v2\/comments?post=102797"}],"version-history":[{"count":1,"href":"https:\/\/tvc16.com\/portal\/wp-json\/wp\/v2\/posts\/102797\/revisions"}],"predecessor-version":[{"id":102798,"href":"https:\/\/tvc16.com\/portal\/wp-json\/wp\/v2\/posts\/102797\/revisions\/102798"}],"wp:featuredmedia":[{"embeddable":true,"href":"https:\/\/tvc16.com\/portal\/wp-json\/wp\/v2\/media\/86426"}],"wp:attachment":[{"href":"https:\/\/tvc16.com\/portal\/wp-json\/wp\/v2\/media?parent=102797"}],"wp:term":[{"taxonomy":"category","embeddable":true,"href":"https:\/\/tvc16.com\/portal\/wp-json\/wp\/v2\/categories?post=102797"},{"taxonomy":"post_tag","embeddable":true,"href":"https:\/\/tvc16.com\/portal\/wp-json\/wp\/v2\/tags?post=102797"}],"curies":[{"name":"wp","href":"https:\/\/api.w.org\/{rel}","templated":true}]}}