{"id":10281,"date":"2021-02-11T17:13:25","date_gmt":"2021-02-11T20:13:25","guid":{"rendered":"https:\/\/tvc16.com\/portal\/?p=10281"},"modified":"2021-02-11T17:13:27","modified_gmt":"2021-02-11T20:13:27","slug":"universidades-tem-ate-amanha-para-aderir-a-1a-selecao-do-sisu-de-2021","status":"publish","type":"post","link":"https:\/\/tvc16.com\/portal\/2021\/02\/11\/universidades-tem-ate-amanha-para-aderir-a-1a-selecao-do-sisu-de-2021\/","title":{"rendered":"Universidades t\u00eam at\u00e9 amanh\u00e3 para aderir \u00e0 1\u00aa sele\u00e7\u00e3o do Sisu de 2021"},"content":{"rendered":"\n<h3 class=\"wp-block-heading\">Institui\u00e7\u00f5es devem descrever condi\u00e7\u00f5es de concorr\u00eancia \u00e0s vagas<\/h3>\n\n\n\n<h3 class=\"wp-block-heading\">Por Andreia Verd\u00e9lio \u2013 Rep\u00f3rter da Ag\u00eancia Brasil &#8211; Bras\u00edlia<\/h3>\n\n\n\n<p>Termina amanh\u00e3 (12) o prazo de ades\u00e3o de institui\u00e7\u00f5es p\u00fablicas de educa\u00e7\u00e3o superior ao primeiro processo seletivo de 2021 do Sistema de Sele\u00e7\u00e3o Unificada (Sisu). A ades\u00e3o, que come\u00e7ou na segunda-feira (8), deve ser feita exclusivamente por meio do site&nbsp;<a href=\"http:\/\/sisugestao.mec.gov.br\/\" target=\"_blank\" rel=\"noreferrer noopener\">Sisu Gest\u00e3o<\/a>.<img decoding=\"async\" src=\"https:\/\/agenciabrasil.ebc.com.br\/ebc.png?id=1401139&amp;o=node\"><img decoding=\"async\" src=\"https:\/\/agenciabrasil.ebc.com.br\/ebc.gif?id=1401139&amp;o=node\"><\/p>\n\n\n\n<p>S\u00f3 poder\u00e3o participar desta sele\u00e7\u00e3o estudantes que tenham feito o Exame Nacional do Ensino M\u00e9dio (Enem) de 2020, que foi adiado em raz\u00e3o da pandemia de covid-19 e&nbsp;<a href=\"https:\/\/agenciabrasil.ebc.com.br\/educacao\/noticia\/2021-02\/gabaritos-do-enem-digital-serao-divulgados-hoje-a-tarde\" target=\"_blank\" rel=\"noreferrer noopener\">aplicado em janeiro e fevereiro deste ano<\/a>.<\/p>\n\n\n\n<p>As&nbsp;<a href=\"https:\/\/agenciabrasil.ebc.com.br\/educacao\/noticia\/2021-02\/inscricoes-para-o-sisu-serao-de-6-9-de-abril\" target=\"_blank\" rel=\"noreferrer noopener\">inscri\u00e7\u00f5es para os estudantes v\u00e3o de 6 a&nbsp;9 de abril<\/a>, segundo&nbsp;<a href=\"http:\/\/agenciabrasil.ebc.com.br\/educacao\/noticia\/2021-02\/mec-publica-edital-do-1o-processo-seletivo-do-sisu-2021\" target=\"_blank\" rel=\"noreferrer noopener\">edital publicado hoje (11) pelo Minist\u00e9rio da Educa\u00e7\u00e3o<\/a>.<\/p>\n\n\n\n<h2 class=\"wp-block-heading\">Entrada no ensino superior<\/h2>\n\n\n\n<p>O Sisu \u00e9 o programa do MEC para acesso de brasileiros a um curso de gradua\u00e7\u00e3o em universidades p\u00fablicas do pa\u00eds, sejam elas federais, estaduais ou municipais. As vagas s\u00e3o abertas semestralmente, por meio de um sistema informatizado, e, para participar, \u00e9 preciso&nbsp;ter&nbsp;garantido um bom desempenho nas provas do Enem e n\u00e3o&nbsp;ter&nbsp;zerado a reda\u00e7\u00e3o.<\/p>\n\n\n\n<p>\u00c9 de exclusiva responsabilidade da institui\u00e7\u00e3o participante descrever, no documento de ades\u00e3o, as condi\u00e7\u00f5es espec\u00edficas de concorr\u00eancia \u00e0s vagas por ela ofertadas no \u00e2mbito do Sisu. Ap\u00f3s o per\u00edodo de ades\u00e3o, as institui\u00e7\u00f5es ter\u00e3o de 17 a&nbsp;23 de fevereiro&nbsp;para retificar, se for o caso, as informa\u00e7\u00f5es constantes nos documentos de ades\u00e3o, que dever\u00e3o ser encaminhados ao MEC.<\/p>\n\n\n\n<p>O edital de ades\u00e3o prev\u00ea ainda que seja disponibilizado, pelas institui\u00e7\u00f5es, o acesso virtual para que os estudantes selecionados pelo Sisu possam encaminhar a documenta\u00e7\u00e3o exigida e efetuar suas matr\u00edculas de forma remota, caso n\u00e3o possam realizar os procedimentos necess\u00e1rios de forma presencial.<\/p>\n\n\n\n<p>Cabe a elas, ainda, divulgar, tanto em suas p\u00e1ginas na internet como em locais de grande circula\u00e7\u00e3o de estudantes, as condi\u00e7\u00f5es espec\u00edficas de concorr\u00eancia \u00e0s vagas ofertadas no \u00e2mbito do Sisu, conforme expressas em seus documentos de ades\u00e3o, bem como editais pr\u00f3prios, como da lista de espera, e a sistem\u00e1tica adotada para a convoca\u00e7\u00e3o dos candidatos.<\/p>\n\n\n\n<p>Edi\u00e7\u00e3o: L\u00edlian Beraldo<\/p>\n","protected":false},"excerpt":{"rendered":"<p>Institui\u00e7\u00f5es devem descrever condi\u00e7\u00f5es de concorr\u00eancia \u00e0s vagas Por Andreia Verd\u00e9lio \u2013 Rep\u00f3rter da Ag\u00eancia<\/p>\n","protected":false},"author":2,"featured_media":10282,"comment_status":"open","ping_status":"open","sticky":false,"template":"","format":"standard","meta":{"footnotes":""},"categories":[17],"tags":[],"class_list":["post-10281","post","type-post","status-publish","format-standard","has-post-thumbnail","hentry","category-outras-noticias"],"_links":{"self":[{"href":"https:\/\/tvc16.com\/portal\/wp-json\/wp\/v2\/posts\/10281","targetHints":{"allow":["GET"]}}],"collection":[{"href":"https:\/\/tvc16.com\/portal\/wp-json\/wp\/v2\/posts"}],"about":[{"href":"https:\/\/tvc16.com\/portal\/wp-json\/wp\/v2\/types\/post"}],"author":[{"embeddable":true,"href":"https:\/\/tvc16.com\/portal\/wp-json\/wp\/v2\/users\/2"}],"replies":[{"embeddable":true,"href":"https:\/\/tvc16.com\/portal\/wp-json\/wp\/v2\/comments?post=10281"}],"version-history":[{"count":1,"href":"https:\/\/tvc16.com\/portal\/wp-json\/wp\/v2\/posts\/10281\/revisions"}],"predecessor-version":[{"id":10283,"href":"https:\/\/tvc16.com\/portal\/wp-json\/wp\/v2\/posts\/10281\/revisions\/10283"}],"wp:featuredmedia":[{"embeddable":true,"href":"https:\/\/tvc16.com\/portal\/wp-json\/wp\/v2\/media\/10282"}],"wp:attachment":[{"href":"https:\/\/tvc16.com\/portal\/wp-json\/wp\/v2\/media?parent=10281"}],"wp:term":[{"taxonomy":"category","embeddable":true,"href":"https:\/\/tvc16.com\/portal\/wp-json\/wp\/v2\/categories?post=10281"},{"taxonomy":"post_tag","embeddable":true,"href":"https:\/\/tvc16.com\/portal\/wp-json\/wp\/v2\/tags?post=10281"}],"curies":[{"name":"wp","href":"https:\/\/api.w.org\/{rel}","templated":true}]}}