{"id":102816,"date":"2025-04-19T05:00:00","date_gmt":"2025-04-19T08:00:00","guid":{"rendered":"https:\/\/tvc16.com\/portal\/?p=102816"},"modified":"2025-04-18T13:45:03","modified_gmt":"2025-04-18T16:45:03","slug":"pesquisa-mostra-influencia-de-eventos-climaticos-em-surto-de-oropouche-2","status":"publish","type":"post","link":"https:\/\/tvc16.com\/portal\/2025\/04\/19\/pesquisa-mostra-influencia-de-eventos-climaticos-em-surto-de-oropouche-2\/","title":{"rendered":"Pesquisa mostra influ\u00eancia de eventos clim\u00e1ticos em surto de oropouche"},"content":{"rendered":"\n<p>Os eventos clim\u00e1ticos s\u00e3o os principais respons\u00e1veis pela explos\u00e3o de casos de febre oropouche, de acordo com&nbsp;<a href=\"https:\/\/www.thelancet.com\/journals\/laninf\/article\/PIIS1473-3099(25)00110-0\/fulltext?dgcid=raven_jbs_aip_email\" target=\"_blank\" rel=\"noreferrer noopener\">estudo publicado na revista cient\u00edfica&nbsp;<em>The Lancet<\/em><\/a>, que analisou dados de seis pa\u00edses da Am\u00e9rica Latina, incluindo o Brasil.<img decoding=\"async\" src=\"https:\/\/agenciabrasil.ebc.com.br\/ebc.png?id=1639325&amp;o=node\"><img decoding=\"async\" src=\"https:\/\/agenciabrasil.ebc.com.br\/ebc.gif?id=1639325&amp;o=node\"><\/p>\n\n\n\n<blockquote class=\"wp-block-quote is-layout-flow wp-block-quote-is-layout-flow\">\n<p>&#8220;O risco de infec\u00e7\u00e3o provavelmente evoluir\u00e1 de forma din\u00e2mica nas pr\u00f3ximas d\u00e9cadas, com potencial para surtos futuros em grande escala&#8221;, alertam os pesquisadores.<\/p>\n<\/blockquote>\n\n\n\n<p>No nosso pa\u00eds, a doen\u00e7a era considerada end\u00eamica da Regi\u00e3o Amaz\u00f4nica, com poucos casos isolados em outros locais.&nbsp;<strong>Mas, desde 2023, o n\u00famero de registros vem aumentando, com diagn\u00f3sticos in\u00e9ditos em diversos estados<\/strong>. De 833 infec\u00e7\u00f5es confirmadas naquele ano, houve um salto para 13.721 em 2024, com pelo menos quatro mortes. Neste ano, at\u00e9 o dia 15 de abril, o Minist\u00e9rio da Sa\u00fade confirmou 7.756 casos e uma morte est\u00e1 em investiga\u00e7\u00e3o.<\/p>\n\n\n\n<p>A febre oropouche \u00e9 uma arbovirose, causada pelo v\u00edrus&nbsp;<em>Orthobunyavirus oropoucheense.&nbsp;<\/em>Esse ant\u00edgeno \u00e9&nbsp;transmitido pelo mosquito&nbsp;<em>Culicoides paraensis<\/em>, popularmente conhecido como maruim, que vive em \u00e1reas vegetais \u00famidas e quentes.<\/p>\n\n\n\n<p>Os sintomas s\u00e3o semelhantes aos da dengue:<\/p>\n\n\n\n<ul class=\"wp-block-list\">\n<li>Dor de cabe\u00e7a intensa;<\/li>\n\n\n\n<li>Dor muscular;<\/li>\n\n\n\n<li>Febre.<\/li>\n<\/ul>\n\n\n\n<h2 class=\"wp-block-heading\">Doen\u00e7a subnotificada<\/h2>\n\n\n\n<p>O estudo multidisciplinar analisou mais de 9,4 mil amostras de sangue colhidas, em 2021 e 2022, de pessoas saud\u00e1veis e febris, a partir de m\u00e9todos&nbsp;<em>in vitro<\/em>, sorol\u00f3gicos, moleculares e gen\u00f4micos. Os pesquisadores tamb\u00e9m produziram uma modelagem espacial combinando esses dados com os casos da doen\u00e7a registrados em toda a Am\u00e9rica Latina.<\/p>\n\n\n\n<p>A taxa m\u00e9dia de detec\u00e7\u00e3o de anticorpos IgG (que comprovam que a pessoa j\u00e1 foi infectada pelo v\u00edrus em algum momento da vida) foi de 6,3%, passando de 10% em regi\u00f5es da Amaz\u00f4nia. Amostras positivas foram encontradas em indiv\u00edduos de 57% das localidades selecionadas.<\/p>\n\n\n\n<p><strong>Para os pesquisadores, isso aponta que a febre oropouche tem sido subdiagnosticada.<\/strong>&nbsp;Al\u00e9m disso, a identifica\u00e7\u00e3o desses anticorpos em amostras colhidas durante surtos de dengue&nbsp;pode indicar que pessoas com&nbsp;oropouche receberam diagn\u00f3stico de dengue, considerando tamb\u00e9m a semelhan\u00e7a de sintomas entre as doen\u00e7as.<\/p>\n\n\n\n<p>J\u00e1 os modelos espa\u00e7o-temporais mostraram que&nbsp;<strong>as vari\u00e1veis clim\u00e1ticas, como as&nbsp;mudan\u00e7as&nbsp;de padr\u00e3o da&nbsp;temperatura e da&nbsp;chuva, foram os principais fatores de influ\u00eancia para a dissemina\u00e7\u00e3o da oropouche, contribuindo com 60%<\/strong>. Por isso, os pesquisadores acreditam que eventos clim\u00e1ticos extremos, como o&nbsp;<em>El Ni\u00f1o<\/em>, provavelmente tiveram um papel fundamental no surto iniciado em 2023.<\/p>\n\n\n\n<p>O artigo explica que mudan\u00e7as nas condi\u00e7\u00f5es clim\u00e1ticas podem favorecer o aumento da transmiss\u00e3o do v\u00edrus que causa a febre oropouche&nbsp;ao elevar as popula\u00e7\u00f5es de maruins, favorecer a transmiss\u00e3o das f\u00eameas de maruins para seus filhotes&nbsp;ou intensificar a replica\u00e7\u00e3o viral em mais animais.<\/p>\n\n\n\n<figure class=\"wp-block-image\"><img loading=\"lazy\" decoding=\"async\" width=\"754\" height=\"483\" src=\"https:\/\/tvc16.com\/portal\/wp-content\/uploads\/2025\/04\/mosquito_maruim_.webp\" alt=\"Bras\u00edlia (DF) 02\/02\/2024 - O Minist\u00e9rio da Sa\u00fade define a febre do Oropouche como doen\u00e7a causada por um arbov\u00edrus do g\u00eanero Orthobunyavirus, identificado pela primeira vez no Brasil,  em 1960, a partir da amostra de sangue de um bicho-pregui\u00e7a capturado durante a constru\u00e7\u00e3o da rodovia Bel\u00e9m-Bras\u00edlia.\nFoto: Conselho Federal de Farm\u00e1cia\/Divulga\u00e7\u00e3o\" class=\"wp-image-102818\" title=\"Conselho Federal de Farm\u00e1cia\/Divulga\u00e7\u00e3o\" srcset=\"https:\/\/tvc16.com\/portal\/wp-content\/uploads\/2025\/04\/mosquito_maruim_.webp 754w, https:\/\/tvc16.com\/portal\/wp-content\/uploads\/2025\/04\/mosquito_maruim_-300x192.webp 300w\" sizes=\"auto, (max-width: 754px) 100vw, 754px\" \/><\/figure>\n\n\n\n<p>Mosquito maruim transmite a febre do oropouche&nbsp;&#8211;&nbsp;<strong>Conselho Federal de Farm\u00e1cia\/Divulga\u00e7\u00e3o<\/strong><\/p>\n\n\n\n<h2 class=\"wp-block-heading\">Regi\u00f5es de maior risco<\/h2>\n\n\n\n<p>O mapa resultante desses modelos mostra que o risco de aumento da transmiss\u00e3o \u00e9 maior nas regi\u00f5es costeiras do pa\u00eds, especialmente do Esp\u00edrito Santo ao Rio Grande do Norte, e tamb\u00e9m em uma faixa que vai de Minas Gerais ao Mato Grosso, al\u00e9m de toda a regi\u00e3o Amaz\u00f4nica. &#8220;Nas regi\u00f5es com risco estimado elevado de transmiss\u00e3o do OROV [v\u00edrus da febre do oropouche], onde ainda n\u00e3o foram reportados casos, o aumento da vigil\u00e2ncia \u00e9 crucial para compreender e responder de forma eficaz aos surtos atuais e futuros&#8221;, recomendam os pesquisadores.<\/p>\n\n\n\n<p>O estudo tamb\u00e9m defende que testes diagn\u00f3sticos para oropouche devem ser priorizados, e as estrat\u00e9gias de controle vetorial, com as que s\u00e3o utilizadas para diminuir a prolifera\u00e7\u00e3o do&nbsp;<em>Aedes aegypti<\/em>, devem ser adaptadas para incluir os maruins. Al\u00e9m disso, estimulam mais estudos sobre a doen\u00e7a e para o desenvolvimento de uma vacina.<\/p>\n\n\n\n<p>T\u00e2mara Freire &#8211; rep\u00f3rter da Ag\u00eancia Brasil<br>Foto: \u00a9 Bruna Lais Sena do Nascimento\/Laborat\u00f3rio de Entomologia M\u00e9dica\/SEARB\/IEC<br><\/p>\n","protected":false},"excerpt":{"rendered":"<p>Os eventos clim\u00e1ticos s\u00e3o os principais respons\u00e1veis pela explos\u00e3o de casos de febre oropouche, de<\/p>\n","protected":false},"author":2,"featured_media":102817,"comment_status":"open","ping_status":"open","sticky":false,"template":"","format":"standard","meta":{"footnotes":""},"categories":[17],"tags":[],"class_list":["post-102816","post","type-post","status-publish","format-standard","has-post-thumbnail","hentry","category-outras-noticias"],"_links":{"self":[{"href":"https:\/\/tvc16.com\/portal\/wp-json\/wp\/v2\/posts\/102816","targetHints":{"allow":["GET"]}}],"collection":[{"href":"https:\/\/tvc16.com\/portal\/wp-json\/wp\/v2\/posts"}],"about":[{"href":"https:\/\/tvc16.com\/portal\/wp-json\/wp\/v2\/types\/post"}],"author":[{"embeddable":true,"href":"https:\/\/tvc16.com\/portal\/wp-json\/wp\/v2\/users\/2"}],"replies":[{"embeddable":true,"href":"https:\/\/tvc16.com\/portal\/wp-json\/wp\/v2\/comments?post=102816"}],"version-history":[{"count":1,"href":"https:\/\/tvc16.com\/portal\/wp-json\/wp\/v2\/posts\/102816\/revisions"}],"predecessor-version":[{"id":102819,"href":"https:\/\/tvc16.com\/portal\/wp-json\/wp\/v2\/posts\/102816\/revisions\/102819"}],"wp:featuredmedia":[{"embeddable":true,"href":"https:\/\/tvc16.com\/portal\/wp-json\/wp\/v2\/media\/102817"}],"wp:attachment":[{"href":"https:\/\/tvc16.com\/portal\/wp-json\/wp\/v2\/media?parent=102816"}],"wp:term":[{"taxonomy":"category","embeddable":true,"href":"https:\/\/tvc16.com\/portal\/wp-json\/wp\/v2\/categories?post=102816"},{"taxonomy":"post_tag","embeddable":true,"href":"https:\/\/tvc16.com\/portal\/wp-json\/wp\/v2\/tags?post=102816"}],"curies":[{"name":"wp","href":"https:\/\/api.w.org\/{rel}","templated":true}]}}