{"id":102823,"date":"2025-04-18T14:10:27","date_gmt":"2025-04-18T17:10:27","guid":{"rendered":"https:\/\/tvc16.com\/portal\/?p=102823"},"modified":"2025-04-18T14:10:29","modified_gmt":"2025-04-18T17:10:29","slug":"criancas-internadas-no-hospital-alcides-carneiro-recebem-a-visita-do-coelho-da-pascoa","status":"publish","type":"post","link":"https:\/\/tvc16.com\/portal\/2025\/04\/18\/criancas-internadas-no-hospital-alcides-carneiro-recebem-a-visita-do-coelho-da-pascoa\/","title":{"rendered":"Crian\u00e7as internadas no Hospital Alcides Carneiro recebem a visita do Coelho da P\u00e1scoa"},"content":{"rendered":"\n<p>A Prefeitura de Petr\u00f3polis, atrav\u00e9s do Servi\u00e7o Social Aut\u00f4nomo do Hospital Alcides Carneiro (Sehac), promoveu nesta quinta-feira (17) uma a\u00e7\u00e3o de P\u00e1scoa com crian\u00e7as internadas na pediatria da unidade. Cerca de 30 crian\u00e7as receberam a visita do Coelho da P\u00e1scoa que percorreu os corredores e quartos do setor de pediatria com brincadeiras que divertiram os pacientes.<\/p>\n\n\n\n<p>&#8220;\u00c9 muito bom ver o sorriso das crian\u00e7as se divertindo com a brincadeira do Coelho da P\u00e1scoa. Parab\u00e9ns \u00e0 equipe do Sehac pela iniciativa e pelo cuidado para ajudar na recupera\u00e7\u00e3o dos pacientes&#8221;, comentou o prefeito Hingo Hammes.<\/p>\n\n\n\n<p>A a\u00e7\u00e3o foi proposta pelo setor de eventos do hospital e uma nutricionista se ofereceu para vestir a fantasia e divertir as crian\u00e7as. A ideia \u00e9 tornar o ambiente hospitalar mais leve e divertido e, assim, colaborar na recupera\u00e7\u00e3o delas. As crian\u00e7as receberam ainda um kit com chocolates.<\/p>\n\n\n\n<p>&#8220;Hoje o hospital Alcides Carneiro \u00e9 uma refer\u00eancia pelo tratamento humano que oferece aos seus pacientes. Nos empenhamos para oferecer o melhor para a recupera\u00e7\u00e3o da sa\u00fade de quem est\u00e1 internado na unidade&#8221;, completa o secret\u00e1rio de Sa\u00fade, Lu\u00eds Cruzick.<\/p>\n","protected":false},"excerpt":{"rendered":"<p>A Prefeitura de Petr\u00f3polis, atrav\u00e9s do Servi\u00e7o Social Aut\u00f4nomo do Hospital Alcides Carneiro (Sehac), promoveu<\/p>\n","protected":false},"author":2,"featured_media":102824,"comment_status":"open","ping_status":"open","sticky":false,"template":"","format":"standard","meta":{"footnotes":""},"categories":[12],"tags":[],"class_list":["post-102823","post","type-post","status-publish","format-standard","has-post-thumbnail","hentry","category-cidade"],"_links":{"self":[{"href":"https:\/\/tvc16.com\/portal\/wp-json\/wp\/v2\/posts\/102823","targetHints":{"allow":["GET"]}}],"collection":[{"href":"https:\/\/tvc16.com\/portal\/wp-json\/wp\/v2\/posts"}],"about":[{"href":"https:\/\/tvc16.com\/portal\/wp-json\/wp\/v2\/types\/post"}],"author":[{"embeddable":true,"href":"https:\/\/tvc16.com\/portal\/wp-json\/wp\/v2\/users\/2"}],"replies":[{"embeddable":true,"href":"https:\/\/tvc16.com\/portal\/wp-json\/wp\/v2\/comments?post=102823"}],"version-history":[{"count":1,"href":"https:\/\/tvc16.com\/portal\/wp-json\/wp\/v2\/posts\/102823\/revisions"}],"predecessor-version":[{"id":102825,"href":"https:\/\/tvc16.com\/portal\/wp-json\/wp\/v2\/posts\/102823\/revisions\/102825"}],"wp:featuredmedia":[{"embeddable":true,"href":"https:\/\/tvc16.com\/portal\/wp-json\/wp\/v2\/media\/102824"}],"wp:attachment":[{"href":"https:\/\/tvc16.com\/portal\/wp-json\/wp\/v2\/media?parent=102823"}],"wp:term":[{"taxonomy":"category","embeddable":true,"href":"https:\/\/tvc16.com\/portal\/wp-json\/wp\/v2\/categories?post=102823"},{"taxonomy":"post_tag","embeddable":true,"href":"https:\/\/tvc16.com\/portal\/wp-json\/wp\/v2\/tags?post=102823"}],"curies":[{"name":"wp","href":"https:\/\/api.w.org\/{rel}","templated":true}]}}