{"id":102835,"date":"2025-04-20T07:00:00","date_gmt":"2025-04-20T10:00:00","guid":{"rendered":"https:\/\/tvc16.com\/portal\/?p=102835"},"modified":"2025-04-19T19:59:03","modified_gmt":"2025-04-19T22:59:03","slug":"feriadao-no-rj-eventos-religiosos-e-festivais-movimentam-cidades-do-interior-fluminense","status":"publish","type":"post","link":"https:\/\/tvc16.com\/portal\/2025\/04\/20\/feriadao-no-rj-eventos-religiosos-e-festivais-movimentam-cidades-do-interior-fluminense\/","title":{"rendered":"Feriad\u00e3o no RJ: eventos religiosos e festivais movimentam cidades do interior fluminense"},"content":{"rendered":"\n<p><em>Governo do Estado impulsiona o turismo nas 12 regi\u00f5es tur\u00edsticas com apoio a eventos culturais e religiosos durante o feriad\u00e3o de abril<\/em><\/p>\n\n\n\n<p>Uma rica programa\u00e7\u00e3o cultural, religiosa e gastron\u00f4mica promete movimentar os munic\u00edpios do estado do Rio de Janeiro at\u00e9 23 de abril, quando \u00e9 celebrado o Dia de S\u00e3o Jorge. De festivais de m\u00fasica e culin\u00e1ria tradicionais \u00e0s homenagens ao santo guerreiro, o estado se transformou em um verdadeiro palco de f\u00e9 e celebra\u00e7\u00e3o, atraindo turistas de diversas partes do Brasil.<\/p>\n\n\n\n<p>A Secretaria de Estado de Turismo (Setur-RJ) e a TurisRio estimam que o interior do estado do Rio de Janeiro ter\u00e1 uma movimenta\u00e7\u00e3o tur\u00edstica significativa, impulsionada pela combina\u00e7\u00e3o de tr\u00eas feriados consecutivos: Sexta-Feira Santa, Tiradentes (21\/04) e S\u00e3o Jorge (23\/04). Esse per\u00edodo, considerado o mais extenso dos \u00faltimos cinco anos, vai proporcionar at\u00e9 seis dias de folga, favorecendo viagens de curta dist\u00e2ncia e fortalecendo o chamado &#8216;turismo regional&#8217;.<\/p>\n\n\n\n<p>\u2013 O turismo no Estado do Rio de Janeiro se consolidou como um dos principais impulsionadores da economia fluminense. E \u00e9 importante destacar que o interior tamb\u00e9m tem se consolidado como um dos grandes protagonistas do turismo no estado. Cada munic\u00edpio traz sua identidade cultural, religiosa e gastron\u00f4mica, o que atrai visitantes e movimenta a economia local. Esses eventos s\u00e3o fundamentais para mostrar que o Rio de Janeiro \u00e9 muito mais do que sol e praia \u2013 afirma o governador Cl\u00e1udio Castro.&nbsp;<\/p>\n\n\n\n<p>As homenagens a S\u00e3o Jorge, em 23 de abril, tamb\u00e9m ganham for\u00e7a em diversas cidades. Maric\u00e1 e Nova Friburgo realizam cavalgadas em honra ao santo. Na capital, as celebra\u00e7\u00f5es se concentram na Igreja Matriz de S\u00e3o Jorge, em Quintino, onde a Alvorada de S\u00e3o Jorge \u00e9 marcada por uma intensa queima de fogos \u00e0s 5h da manh\u00e3. O centro do Rio tamb\u00e9m recebe fi\u00e9is na Igreja de S\u00e3o Gon\u00e7alo Garcia e S\u00e3o Jorge, pr\u00f3xima ao Campo de Santana.<\/p>\n\n\n\n<p><strong>M\u00fasica, cultura e gastronomia no interior<\/strong><\/p>\n\n\n\n<p>Al\u00e9m das celebra\u00e7\u00f5es religiosas, a semana tamb\u00e9m \u00e9 repleta de festivais culturais e gastron\u00f4micos que enriquecem o turismo no interior do estado. Em Arraial do Cabo, o Festival da Lula acontece at\u00e9 amanh\u00e3 (20\/04) combinando m\u00fasica e gastronomia local. J\u00e1 Miguel Pereira recebe o animado Serra Beer at\u00e9 23 de abril, com shows e variedade de cervejas artesanais.<\/p>\n\n\n\n<p>Os amantes da m\u00fasica podem aproveitar o Festival de Choro de Lumiar, em Nova Friburgo, que come\u00e7ou ontem e vai at\u00e9 segunda-feira (21\/04). Em Paraty, a programa\u00e7\u00e3o inclui a 13\u00aa Mostra Mar\u00e9 Cheia de Cinema (at\u00e9 20\/04) e o 17\u00ba Encontro de Ceramistas (at\u00e9 21\/04), promovendo arte e cultura popular.<\/p>\n\n\n\n<p>Petr\u00f3polis sedia o Saloon BBQ, at\u00e9 27 de abril, um festival voltado aos amantes do churrasco, enquanto Itatiaia promove o Festival do Chocolate at\u00e9 o dia 21. Para os apaixonados por esportes e animais, a 2\u00aa Copa Macaense de Tr\u00eas Tambores, que termina amanh\u00e3 (20\/4) em Maca\u00e9, \u00e9 um prato cheio. Vassouras oferece o festival Caf\u00e9, Cacha\u00e7a e Chorinho, entre os dias 20 e 23 de abril, reunindo tradi\u00e7\u00e3o e sabores da regi\u00e3o.<\/p>\n\n\n\n<p>Para os amantes do surfe, o Saquarema Surf Festival segue at\u00e9 amanh\u00e3, reunindo atletas e f\u00e3s do esporte nas praias da cidade considerada o &#8216;Maracan\u00e3 do surfe&#8217;.<\/p>\n\n\n\n<p>\u2013 A Setur-RJ tem atuado fortemente na promo\u00e7\u00e3o dos destinos tur\u00edsticos do interior. Com apoio institucional na divulga\u00e7\u00e3o de eventos regionais e no est\u00edmulo \u00e0 economia criativa, o \u00f3rg\u00e3o aposta em um intenso fluxo de visitantes neste feriado prolongado. A expectativa \u00e9 de ocupa\u00e7\u00e3o hoteleira elevada em diversas regi\u00f5es, impulsionada pela variedade de atra\u00e7\u00f5es e pela mobiliza\u00e7\u00e3o cultural nas cidades \u2013 conclui o secret\u00e1rio Gustavo Tutuca.<\/p>\n","protected":false},"excerpt":{"rendered":"<p>Governo do Estado impulsiona o turismo nas 12 regi\u00f5es tur\u00edsticas com apoio a eventos culturais<\/p>\n","protected":false},"author":2,"featured_media":3265,"comment_status":"open","ping_status":"open","sticky":false,"template":"","format":"standard","meta":{"footnotes":""},"categories":[17],"tags":[],"class_list":["post-102835","post","type-post","status-publish","format-standard","has-post-thumbnail","hentry","category-outras-noticias"],"_links":{"self":[{"href":"https:\/\/tvc16.com\/portal\/wp-json\/wp\/v2\/posts\/102835","targetHints":{"allow":["GET"]}}],"collection":[{"href":"https:\/\/tvc16.com\/portal\/wp-json\/wp\/v2\/posts"}],"about":[{"href":"https:\/\/tvc16.com\/portal\/wp-json\/wp\/v2\/types\/post"}],"author":[{"embeddable":true,"href":"https:\/\/tvc16.com\/portal\/wp-json\/wp\/v2\/users\/2"}],"replies":[{"embeddable":true,"href":"https:\/\/tvc16.com\/portal\/wp-json\/wp\/v2\/comments?post=102835"}],"version-history":[{"count":1,"href":"https:\/\/tvc16.com\/portal\/wp-json\/wp\/v2\/posts\/102835\/revisions"}],"predecessor-version":[{"id":102836,"href":"https:\/\/tvc16.com\/portal\/wp-json\/wp\/v2\/posts\/102835\/revisions\/102836"}],"wp:featuredmedia":[{"embeddable":true,"href":"https:\/\/tvc16.com\/portal\/wp-json\/wp\/v2\/media\/3265"}],"wp:attachment":[{"href":"https:\/\/tvc16.com\/portal\/wp-json\/wp\/v2\/media?parent=102835"}],"wp:term":[{"taxonomy":"category","embeddable":true,"href":"https:\/\/tvc16.com\/portal\/wp-json\/wp\/v2\/categories?post=102835"},{"taxonomy":"post_tag","embeddable":true,"href":"https:\/\/tvc16.com\/portal\/wp-json\/wp\/v2\/tags?post=102835"}],"curies":[{"name":"wp","href":"https:\/\/api.w.org\/{rel}","templated":true}]}}