{"id":102837,"date":"2025-04-20T07:00:00","date_gmt":"2025-04-20T10:00:00","guid":{"rendered":"https:\/\/tvc16.com\/portal\/?p=102837"},"modified":"2025-04-19T20:00:35","modified_gmt":"2025-04-19T23:00:35","slug":"governo-do-estado-apoia-programacoes-esportivas-e-turisticas-para-a-populacao-na-semana-santa","status":"publish","type":"post","link":"https:\/\/tvc16.com\/portal\/2025\/04\/20\/governo-do-estado-apoia-programacoes-esportivas-e-turisticas-para-a-populacao-na-semana-santa\/","title":{"rendered":"Governo do Estado apoia programa\u00e7\u00f5es esportivas e tur\u00edsticas para a popula\u00e7\u00e3o na Semana Santa"},"content":{"rendered":"\n<p><em>Com atividades diversificadas, a capital e o interior aproveitam a folga e celebram a P\u00e1scoa<\/em><\/p>\n\n\n\n<p>Durante o feriad\u00e3o da Semana Santa, o Governo do Estado promove e apoia diversas atividades para a popula\u00e7\u00e3o. Seja descansando, passeando ou fazendo exerc\u00edcios, cariocas e fluminenses v\u00e3o conseguir montar roteiros e aproveitar a folga. As programa\u00e7\u00f5es se estendem para al\u00e9m da capital: os munic\u00edpios v\u00e3o contar com programa\u00e7\u00f5es esportivas diversificadas, al\u00e9m das tradicionais atra\u00e7\u00f5es tur\u00edsticas do interior.<\/p>\n\n\n\n<p>\u2013 O estado do Rio de Janeiro tem sido protagonista, principalmente quando atrelamos o setor tur\u00edstico e o esportivo. Somos palco de grandes eventos, como o Rio Open, o Mundial de Surf e outros, e isso evidencia o turismo fluminense como um neg\u00f3cio rent\u00e1vel. Com eventos como esses, conseguimos n\u00e3o apenas proporcionar bem-estar e lazer para a nossa popula\u00e7\u00e3o, mas tamb\u00e9m atrair os olhares para o potencial do Rio \u2013 destacou o governador Cl\u00e1udio Castro.<\/p>\n\n\n\n<p><strong>Programa\u00e7\u00e3o esportiva<\/strong><\/p>\n\n\n\n<p>O Maracan\u00e3zinho se tornar\u00e1 o centro das aten\u00e7\u00f5es do basquete continental ao sediar o Final Four da Basketball Champions League Americas (BCLA) nos dias 18 e 19 de abril. O evento, que conta com apoio da Secretaria de Estado de Esporte e Lazer, traz ao Brasil as principais pot\u00eancias do basquete das Am\u00e9ricas, em busca de um lugar no topo e da t\u00e3o sonhada vaga no Mundial de Clubes, que ser\u00e1 disputado em Singapura, entre os dias 20 e 25 de setembro.<\/p>\n\n\n\n<p>\u2013 Receber uma das competi\u00e7\u00f5es mais prestigiadas do basquete mundial, com grandes clubes e atletas em quadra, \u00e9 um marco para o esporte do nosso estado. \u00c9 motivo de orgulho e refor\u00e7a o papel do Rio de Janeiro como casa de grandes eventos esportivos, e seguimos a todo vapor trabalhando para levar o esporte para todos os munic\u00edpios, promovendo sa\u00fade, bem-estar e qualidade de vida para toda a popula\u00e7\u00e3o \u2013 explicou o secret\u00e1rio da pasta, Rafael Picciani.<\/p>\n\n\n\n<p>Tamb\u00e9m por meio do apoio da Lei de Incentivo ao Esporte, B\u00fazios receber\u00e1 a B\u00fazios Sailing Week, uma das mais prestigiadas regatas do pa\u00eds, entre os dias 17 e 20 de abril. A edi\u00e7\u00e3o deste ano marca um momento especial: o evento tamb\u00e9m ser\u00e1 v\u00e1lido como Campeonato Brasileiro de Vela Oce\u00e2nica, ampliando sua relev\u00e2ncia no cen\u00e1rio esportivo nacional.<\/p>\n\n\n\n<p>O calend\u00e1rio esportivo do munic\u00edpio de S\u00e3o Fid\u00e9lis tamb\u00e9m ser\u00e1 movimentado na semana do feriado. No dia 20 de abril, acontece a segunda edi\u00e7\u00e3o da Corrida de S\u00e3o Fid\u00e9lis, e no seguinte, 21, a cidade recebe o 1\u00ba Encontro de Mountain Bike do Padroeiro de S\u00e3o Fid\u00e9lis. A competi\u00e7\u00e3o chega para desafiar os limites dos participantes. Ser\u00e3o trilhas incr\u00edveis divididas em tr\u00eas categorias: iniciante (25km), intermedi\u00e1rio (35km) ou elite (60km). Essa \u00e9 a chance perfeita para viver a adrenalina do mountain bike.<\/p>\n\n\n\n<p><strong>Turismo atrai visitantes para o interior<\/strong><\/p>\n\n\n\n<p>Por meio da Secretaria Estadual de Turismo, o Governo apoia eventos fora da capital. O destaque vai para a regi\u00e3o do Vale do Caf\u00e9, que mistura tradicionais atra\u00e7\u00f5es hist\u00f3ricas como casar\u00f5es de antigas fazendas, pontes e t\u00faneis ferrovi\u00e1rios do s\u00e9culo XIX, com boa gastronomia, atividades culturais e paisagens naturais. Pertencente \u00e0 regi\u00e3o, o distrito de Ipiabas, em Barra de Pira\u00ed, recebe o festival Rock in Cover entre os dias 18 e 22 de abril, com m\u00fasica, entretenimento e alimenta\u00e7\u00e3o diversificada.&nbsp;<\/p>\n\n\n\n<p>O munic\u00edpio de Miguel Pereira recebe o Serra Beer, o Festival Centro-Sul de Cerveja Artesanal, do dia 17 ao dia 23 de abril. O evento promete proporcionar uma experi\u00eancia refrescante combinada com uma vista incr\u00edvel da serra fluminense. J\u00e1 em Petr\u00f3polis, o Governo do Estado apoia o Saloon BBQ, o maior festival de churrasco da cidade, com entrada gratuita. Na edi\u00e7\u00e3o de 2024, o evento reuniu mais de 55 mil pessoas, consolidando-se como refer\u00eancia no segmento BBQ.<\/p>\n\n\n\n<p>\u2013 A capital do Rio de Janeiro j\u00e1 tem um nome consolidado no cen\u00e1rio tur\u00edstico. Temos adotado pol\u00edticas de incentivo ao turismo no interior do estado, trabalhando cada vez mais para que a popula\u00e7\u00e3o fluminense e os turistas internacionais sejam atra\u00eddos pelos eventos realizados em outros munic\u00edpios. Nosso papel \u00e9 aproveitar o bom momento do turismo no RJ para transformar a demanda em legado para todo o estado \u2013 enfatizou o secret\u00e1rio de Turismo, Gustavo Tutuca.<\/p>\n","protected":false},"excerpt":{"rendered":"<p>Com atividades diversificadas, a capital e o interior aproveitam a folga e celebram a P\u00e1scoa<\/p>\n","protected":false},"author":2,"featured_media":26685,"comment_status":"open","ping_status":"open","sticky":false,"template":"","format":"standard","meta":{"footnotes":""},"categories":[17],"tags":[],"class_list":["post-102837","post","type-post","status-publish","format-standard","has-post-thumbnail","hentry","category-outras-noticias"],"_links":{"self":[{"href":"https:\/\/tvc16.com\/portal\/wp-json\/wp\/v2\/posts\/102837","targetHints":{"allow":["GET"]}}],"collection":[{"href":"https:\/\/tvc16.com\/portal\/wp-json\/wp\/v2\/posts"}],"about":[{"href":"https:\/\/tvc16.com\/portal\/wp-json\/wp\/v2\/types\/post"}],"author":[{"embeddable":true,"href":"https:\/\/tvc16.com\/portal\/wp-json\/wp\/v2\/users\/2"}],"replies":[{"embeddable":true,"href":"https:\/\/tvc16.com\/portal\/wp-json\/wp\/v2\/comments?post=102837"}],"version-history":[{"count":1,"href":"https:\/\/tvc16.com\/portal\/wp-json\/wp\/v2\/posts\/102837\/revisions"}],"predecessor-version":[{"id":102838,"href":"https:\/\/tvc16.com\/portal\/wp-json\/wp\/v2\/posts\/102837\/revisions\/102838"}],"wp:featuredmedia":[{"embeddable":true,"href":"https:\/\/tvc16.com\/portal\/wp-json\/wp\/v2\/media\/26685"}],"wp:attachment":[{"href":"https:\/\/tvc16.com\/portal\/wp-json\/wp\/v2\/media?parent=102837"}],"wp:term":[{"taxonomy":"category","embeddable":true,"href":"https:\/\/tvc16.com\/portal\/wp-json\/wp\/v2\/categories?post=102837"},{"taxonomy":"post_tag","embeddable":true,"href":"https:\/\/tvc16.com\/portal\/wp-json\/wp\/v2\/tags?post=102837"}],"curies":[{"name":"wp","href":"https:\/\/api.w.org\/{rel}","templated":true}]}}