{"id":102839,"date":"2025-04-20T07:00:00","date_gmt":"2025-04-20T10:00:00","guid":{"rendered":"https:\/\/tvc16.com\/portal\/?p=102839"},"modified":"2025-04-19T20:01:37","modified_gmt":"2025-04-19T23:01:37","slug":"regiao-serrana-do-rio-registra-queda-nos-indices-de-violencia-e-bate-recordes-de-prisoes-e-apreensoes","status":"publish","type":"post","link":"https:\/\/tvc16.com\/portal\/2025\/04\/20\/regiao-serrana-do-rio-registra-queda-nos-indices-de-violencia-e-bate-recordes-de-prisoes-e-apreensoes\/","title":{"rendered":"Regi\u00e3o Serrana do Rio registra queda nos \u00edndices de viol\u00eancia e bate recordes de pris\u00f5es e apreens\u00f5es"},"content":{"rendered":"\n<p><em>A localidade n\u00e3o tem latroc\u00ednios desde outubro de 2024. Os roubos de carga seguem zerados desde julho de 2023<\/em><\/p>\n\n\n\n<p>Os dados do Instituto de Seguran\u00e7a P\u00fablica (ISP) referentes ao primeiro bimestre de 2025 mostram avan\u00e7os importantes na seguran\u00e7a p\u00fablica da Regi\u00e3o Serrana do Rio. Em compara\u00e7\u00e3o com os dois primeiros meses de 2024, os n\u00fameros revelam uma redu\u00e7\u00e3o consistente nos principais indicadores de criminalidade, como letalidade violenta e homic\u00eddios dolosos. Al\u00e9m de aumentos significativos em a\u00e7\u00f5es de repress\u00e3o ao crime, como pris\u00f5es em flagrante e apreens\u00e3o de drogas.<\/p>\n\n\n\n<p>\u2013 A redu\u00e7\u00e3o da viol\u00eancia na Regi\u00e3o Serrana \u00e9 resultado direto do trabalho coordenado entre as pol\u00edcias Militar e Civil, com intelig\u00eancia, presen\u00e7a nas ruas e o apoio do nosso Governo. Esses n\u00fameros mostram que \u00e9 poss\u00edvel combater o crime com estrat\u00e9gia e com o compromisso de proteger a popula\u00e7\u00e3o fluminense \u2013 declarou o governador Cl\u00e1udio Castro.<\/p>\n\n\n\n<p>A regi\u00e3o n\u00e3o registrou nenhuma morte por interven\u00e7\u00e3o de agente do Estado em 2025, e n\u00e3o registra latroc\u00ednios desde outubro de 2024. A letalidade violenta caiu de 17 para 10 casos, e os homic\u00eddios dolosos (de 15 para 10) e tentativas de feminic\u00eddio (de 5 para 2). J\u00e1 os roubos de carga seguem zerados desde julho de 2023.<\/p>\n\n\n\n<p>As a\u00e7\u00f5es policiais foram intensificadas: houve aumento de 29,1% nas pris\u00f5es em flagrante &#8211; o maior n\u00famero j\u00e1 registrado para um primeiro bimestre desde o in\u00edcio da s\u00e9rie hist\u00f3rica, em 2006. As apreens\u00f5es de drogas tamb\u00e9m cresceram 21% \u2014 o maior n\u00famero desde 2019.<\/p>\n","protected":false},"excerpt":{"rendered":"<p>A localidade n\u00e3o tem latroc\u00ednios desde outubro de 2024. Os roubos de carga seguem zerados<\/p>\n","protected":false},"author":2,"featured_media":94283,"comment_status":"open","ping_status":"open","sticky":false,"template":"","format":"standard","meta":{"footnotes":""},"categories":[17],"tags":[],"class_list":["post-102839","post","type-post","status-publish","format-standard","has-post-thumbnail","hentry","category-outras-noticias"],"_links":{"self":[{"href":"https:\/\/tvc16.com\/portal\/wp-json\/wp\/v2\/posts\/102839","targetHints":{"allow":["GET"]}}],"collection":[{"href":"https:\/\/tvc16.com\/portal\/wp-json\/wp\/v2\/posts"}],"about":[{"href":"https:\/\/tvc16.com\/portal\/wp-json\/wp\/v2\/types\/post"}],"author":[{"embeddable":true,"href":"https:\/\/tvc16.com\/portal\/wp-json\/wp\/v2\/users\/2"}],"replies":[{"embeddable":true,"href":"https:\/\/tvc16.com\/portal\/wp-json\/wp\/v2\/comments?post=102839"}],"version-history":[{"count":1,"href":"https:\/\/tvc16.com\/portal\/wp-json\/wp\/v2\/posts\/102839\/revisions"}],"predecessor-version":[{"id":102840,"href":"https:\/\/tvc16.com\/portal\/wp-json\/wp\/v2\/posts\/102839\/revisions\/102840"}],"wp:featuredmedia":[{"embeddable":true,"href":"https:\/\/tvc16.com\/portal\/wp-json\/wp\/v2\/media\/94283"}],"wp:attachment":[{"href":"https:\/\/tvc16.com\/portal\/wp-json\/wp\/v2\/media?parent=102839"}],"wp:term":[{"taxonomy":"category","embeddable":true,"href":"https:\/\/tvc16.com\/portal\/wp-json\/wp\/v2\/categories?post=102839"},{"taxonomy":"post_tag","embeddable":true,"href":"https:\/\/tvc16.com\/portal\/wp-json\/wp\/v2\/tags?post=102839"}],"curies":[{"name":"wp","href":"https:\/\/api.w.org\/{rel}","templated":true}]}}