{"id":10284,"date":"2021-02-11T17:18:41","date_gmt":"2021-02-11T20:18:41","guid":{"rendered":"https:\/\/tvc16.com\/portal\/?p=10284"},"modified":"2021-02-11T17:18:43","modified_gmt":"2021-02-11T20:18:43","slug":"museu-de-arte-do-rio-reabre-portas-ao-publico-com-regras-de-seguranca","status":"publish","type":"post","link":"https:\/\/tvc16.com\/portal\/2021\/02\/11\/museu-de-arte-do-rio-reabre-portas-ao-publico-com-regras-de-seguranca\/","title":{"rendered":"Museu de Arte do Rio reabre portas ao p\u00fablico com regras de seguran\u00e7a"},"content":{"rendered":"\n<h3 class=\"wp-block-heading\">O MAR vai funcionar tamb\u00e9m\u00a0s\u00e1bado\u00a0e domingo\u00a0de carnaval<\/h3>\n\n\n\n<h4 class=\"wp-block-heading\">Por Alana Gandra &#8211; Rep\u00f3rter da Ag\u00eancia Brasil &#8211; Rio de Janeiro<\/h4>\n\n\n\n<p>O Museu de Arte do Rio (MAR) reabriu suas portas hoje (11) , seguindo os protocolos de seguran\u00e7a da Organiza\u00e7\u00e3o Mundial da Sa\u00fade (OMS) e de autoridades sanit\u00e1rias nacionais, em fun\u00e7\u00e3o da pandemia do novo coronav\u00edrus.<img decoding=\"async\" src=\"https:\/\/agenciabrasil.ebc.com.br\/ebc.png?id=1401167&amp;o=node\"><img decoding=\"async\" src=\"https:\/\/agenciabrasil.ebc.com.br\/ebc.gif?id=1401167&amp;o=node\"><\/p>\n\n\n\n<p>As regras incluem distanciamento entre as pessoas, m\u00e1ximo de 20 visitantes por vez em cada sala de exposi\u00e7\u00e3o e disponibiliza\u00e7\u00e3o de \u00e1lcool gel&nbsp;para higieniza\u00e7\u00e3o das m\u00e3os. Tamb\u00e9m ser\u00e1 feito controle de temperatura dos visitantes.&nbsp;Como o museu tem cinco salas de exposi\u00e7\u00e3o, o limite de visita\u00e7\u00e3o chega a&nbsp;100 pessoas por hora, informou \u00e0&nbsp;<strong>Ag\u00eancia Brasil<\/strong>&nbsp;o curador-geral da institui\u00e7\u00e3o, Marcelo Gustavo Campos.<\/p>\n\n\n\n<p>Neste primeiro momento, as salas estar\u00e3o abertas de&nbsp;quinta-feira a&nbsp;domingo, das 11h \u00e0s 18h. Os ingressos, no valor de R$ 20 (inteira), devem ser adquiridos no&nbsp;<a href=\"http:\/\/www.museudeartedorio.org.br\/\" target=\"_blank\" rel=\"noreferrer noopener\">site<\/a>&nbsp;do museu ou diretamente na bilheteria, das 10h \u00e0s 17h. Segundo Campos o MAR vai&nbsp;funcionar tamb\u00e9m&nbsp;no&nbsp;s\u00e1bado&nbsp;e no domingo&nbsp;de carnaval,&nbsp;uma op\u00e7\u00e3o de lazer cultural para aqueles que n\u00e3o gostam muito de folia. \u201cDepois volta a funcionar de&nbsp;quinta&nbsp;a&nbsp;domingo\u201d, disse.<\/p>\n\n\n\n<h2 class=\"wp-block-heading\">Pintura mural<\/h2>\n\n\n\n<p>A reabertura do MAR traz&nbsp;a mostra in\u00e9dita&nbsp;<em>Paulo Werneck &#8211; Murais para o Rio<\/em>, que vai ocupar uma das galerias do museu at\u00e9 agosto. Segundo Marcelo Campos, Paulo Werneck foi um importante muralista, que atuou junto a arquitetos de renome, entre os quais Oscar Niemeyer. S\u00e3o de autoria dele projetos como o pr\u00e9dio da Associa\u00e7\u00e3o Brasileira de Imprensa (ABI), localizado na regi\u00e3o central do Rio.<\/p>\n\n\n\n<p>\u201c\u00c9 um muralista a quem o museu se dedicou a estudar, junto com a neta dele, Claudia Saldanha, curadora da mostra conosco. E n\u00f3s come\u00e7amos a perceber que em v\u00e1rios lugares da cidade temos murais de Paulo Werneck e, muitas vezes, n\u00e3o sabemos. Ao lado da Candel\u00e1ria, temos um mural feito originalmente para o Banco Boavista\u201d, citou o curador-geral. A exposi\u00e7\u00e3o objetiva tamb\u00e9m revelar \u00e0 popula\u00e7\u00e3o que a cidade tem obras de arte pelas ruas que nem todo mundo percebe, destacou Campos.<\/p>\n\n\n\n<h2 class=\"wp-block-heading\">Exposi\u00e7\u00f5es<\/h2>\n\n\n\n<p>Em paralelo \u00e0 mostra de Paulo Werneck,&nbsp;ter\u00e3o continuidade as exposi\u00e7\u00f5es&nbsp;<em>Rua!<\/em>;&nbsp;<em>Casa Carioca<\/em>&nbsp;e&nbsp;<em>Aline Motta: mem\u00f3ria, viagem e \u00e1gua<\/em>, lan\u00e7adas no ano passado.&nbsp;<em>Casa Carioca<\/em>, por exemplo, re\u00fane cerca de 600 obras de mais de 100 artistas, com temas como&nbsp;lar e direito \u00e0 moradia no Brasil. J\u00e1&nbsp;<em>Rua!<\/em>&nbsp;trata da linguagem urbana, isto \u00e9, a linguagem das ruas.<\/p>\n\n\n\n<p>\u201cTemos uma rampa de&nbsp;<em>skate<\/em>&nbsp;que \u00e9 acionada em alguns momentos e mostra pessoas andando de&nbsp;<em>skate<\/em>&nbsp;na rampa\u201d, disse o curador-geral. A terceira exposi\u00e7\u00e3o, que poder\u00e1 ser apreciada agora, ap\u00f3s a reabertura&nbsp;do MAR, mostra o trabalho da artista visual fluminense Aline Motta, que pesquisa a ancestralidade africana da sua pr\u00f3pria fam\u00edlia. \u201cTemos uma programa\u00e7\u00e3o vasta para o carnaval\u201d, disse Campos.<\/p>\n\n\n\n<p>O curador-geral&nbsp; informou ainda que o museu est\u00e1 produzindo uma nova exposi\u00e7\u00e3o, que deve come\u00e7ar a ser montada em abril, para inaugura\u00e7\u00e3o em maio deste ano. A mostra ter\u00e1&nbsp;parceria com o Instituto Hist\u00f3rico e Geogr\u00e1fico Brasileiro (IHGB).<\/p>\n\n\n\n<p>\u201cN\u00f3s temos a cole\u00e7\u00e3o do IHGB, que vem desde o s\u00e9culo 19, com pe\u00e7as hist\u00f3ricas dos per\u00edodos do Imp\u00e9rio e da Rep\u00fablica, e a gente convida artistas contempor\u00e2neos que v\u00e3o dialogar com essas pe\u00e7as. V\u00e3o rever a hist\u00f3ria do Brasil e atualizar essa hist\u00f3ria\u201d.<\/p>\n\n\n\n<p>O nome provis\u00f3rio dessa exposi\u00e7\u00e3o \u00e9&nbsp;<em>Imagens que n\u00e3o se conformam<\/em>. Ou seja, trata de imagens que s\u00e3o da hist\u00f3ria, observando que toda hist\u00f3ria tem v\u00e1rios lados, v\u00e1rios caminhos de abordagem, adiantou&nbsp;Campos.&nbsp;<\/p>\n\n\n\n<p>Edi\u00e7\u00e3o: Maria Claudia<\/p>\n","protected":false},"excerpt":{"rendered":"<p>O MAR vai funcionar tamb\u00e9m\u00a0s\u00e1bado\u00a0e domingo\u00a0de carnaval Por Alana Gandra &#8211; Rep\u00f3rter da Ag\u00eancia Brasil<\/p>\n","protected":false},"author":2,"featured_media":10285,"comment_status":"open","ping_status":"open","sticky":false,"template":"","format":"standard","meta":{"footnotes":""},"categories":[17],"tags":[],"class_list":["post-10284","post","type-post","status-publish","format-standard","has-post-thumbnail","hentry","category-outras-noticias"],"_links":{"self":[{"href":"https:\/\/tvc16.com\/portal\/wp-json\/wp\/v2\/posts\/10284","targetHints":{"allow":["GET"]}}],"collection":[{"href":"https:\/\/tvc16.com\/portal\/wp-json\/wp\/v2\/posts"}],"about":[{"href":"https:\/\/tvc16.com\/portal\/wp-json\/wp\/v2\/types\/post"}],"author":[{"embeddable":true,"href":"https:\/\/tvc16.com\/portal\/wp-json\/wp\/v2\/users\/2"}],"replies":[{"embeddable":true,"href":"https:\/\/tvc16.com\/portal\/wp-json\/wp\/v2\/comments?post=10284"}],"version-history":[{"count":1,"href":"https:\/\/tvc16.com\/portal\/wp-json\/wp\/v2\/posts\/10284\/revisions"}],"predecessor-version":[{"id":10286,"href":"https:\/\/tvc16.com\/portal\/wp-json\/wp\/v2\/posts\/10284\/revisions\/10286"}],"wp:featuredmedia":[{"embeddable":true,"href":"https:\/\/tvc16.com\/portal\/wp-json\/wp\/v2\/media\/10285"}],"wp:attachment":[{"href":"https:\/\/tvc16.com\/portal\/wp-json\/wp\/v2\/media?parent=10284"}],"wp:term":[{"taxonomy":"category","embeddable":true,"href":"https:\/\/tvc16.com\/portal\/wp-json\/wp\/v2\/categories?post=10284"},{"taxonomy":"post_tag","embeddable":true,"href":"https:\/\/tvc16.com\/portal\/wp-json\/wp\/v2\/tags?post=10284"}],"curies":[{"name":"wp","href":"https:\/\/api.w.org\/{rel}","templated":true}]}}