{"id":102841,"date":"2025-04-20T07:00:00","date_gmt":"2025-04-20T10:00:00","guid":{"rendered":"https:\/\/tvc16.com\/portal\/?p=102841"},"modified":"2025-04-19T20:04:14","modified_gmt":"2025-04-19T23:04:14","slug":"area-de-protecao-tera-trilha-ecologica-e-turismo-de-base-comunitaria","status":"publish","type":"post","link":"https:\/\/tvc16.com\/portal\/2025\/04\/20\/area-de-protecao-tera-trilha-ecologica-e-turismo-de-base-comunitaria\/","title":{"rendered":"\u00c1rea de prote\u00e7\u00e3o ter\u00e1 trilha ecol\u00f3gica e turismo de base comunit\u00e1ria"},"content":{"rendered":"\n<p>APA Jara conta com 5 mil hectares e est\u00e1 localizada em Juruti, no Par\u00e1<\/p>\n\n\n\n<p><strong><br>Os cinco mil hectares da \u00c1rea de Prote\u00e7\u00e3o Ambiental (APA) Jar\u00e1, localizada em Juruti, no oeste do Par\u00e1, ter\u00e3o uma trilha ecol\u00f3gica e um projeto de turismo de base comunit\u00e1ria. Um dos objetivos da iniciativa \u00e9 gerar renda de forma sustent\u00e1vel para as comunidades locais.<\/strong><img decoding=\"async\" src=\"https:\/\/agenciabrasil.ebc.com.br\/ebc.png?id=1639555&amp;o=node\"><img decoding=\"async\" src=\"https:\/\/agenciabrasil.ebc.com.br\/ebc.gif?id=1639555&amp;o=node\"><\/p>\n\n\n\n<p>O projeto Promo\u00e7\u00e3o do uso p\u00fablico da APA Jar\u00e1, realizado pelo instituto de pesquisa Imazon em parceria com a prefeitura de Juruti, prev\u00ea tamb\u00e9m a\u00e7\u00f5es de educa\u00e7\u00e3o ambiental e um curso de comunica\u00e7\u00e3o para jovens difundirem informa\u00e7\u00f5es sobre a APA Jar\u00e1 nas redes sociais.<\/p>\n\n\n\n<blockquote class=\"wp-block-quote is-layout-flow wp-block-quote-is-layout-flow\">\n<p>Para o pesquisador do Imazon, Jeferson Figueira, as \u00e1reas protegidas s\u00e3o importantes ferramentas para a promo\u00e7\u00e3o da educa\u00e7\u00e3o ambiental no munic\u00edpio. \u201cAl\u00e9m disso, a APA Jar\u00e1 promove servi\u00e7os ecossist\u00eamicos como a captura de carbono da atmosfera, guarda grande biodiversidade de fauna e flora e ainda pode ser um espa\u00e7o de recrea\u00e7\u00e3o e lazer para a popula\u00e7\u00e3o jurutiense, promovendo sa\u00fade e bem-estar\u201d, explicou, em nota.<\/p>\n<\/blockquote>\n\n\n\n<p><strong><a href=\"https:\/\/agenciabrasil.ebc.com.br\/meio-ambiente\/noticia\/2024-11\/brasil-esta-entre-paises-do-g20-com-maior-proporcao-de-area-protegida\" target=\"_blank\" rel=\"noreferrer noopener\">&gt;&gt;Brasil est\u00e1 entre pa\u00edses do G20 com maior propor\u00e7\u00e3o de \u00e1rea protegida<\/a><\/strong><\/p>\n\n\n\n<p>Figueira e a pesquisadora Jarine Reis, tamb\u00e9m do Imazon, apresentaram o projeto durante a reuni\u00e3o do conselho gestor da unidade de conserva\u00e7\u00e3o, realizada no final de mar\u00e7o. Na ocasi\u00e3o, foi estabelecido um cronograma das atividades que ser\u00e3o realizadas, incluindo a sensibiliza\u00e7\u00e3o das comunidades locais sobre o potencial do turismo de base comunit\u00e1ria, a abertura da trilha, a capacita\u00e7\u00e3o para os condutores da trilha e o curso de comunica\u00e7\u00e3o.<\/p>\n\n\n\n<p><strong>A previs\u00e3o \u00e9 que a trilha esteja conclu\u00edda no fim de maio deste ano e que os cursos de capacita\u00e7\u00e3o de condutores ocorram em junho, para depois receber os turistas.<\/strong><\/p>\n\n\n\n<blockquote class=\"wp-block-quote is-layout-flow wp-block-quote-is-layout-flow\">\n<p>\u201cBuscamos n\u00e3o apenas abrir as portas da APA Jar\u00e1 para visitantes, mas tamb\u00e9m fortalecer o v\u00ednculo entre nossa popula\u00e7\u00e3o e a riqueza natural que nos cerca\u201d, disse a Secret\u00e1ria de Meio Ambiente de Juruti, Nayme Couto, em nota. A expectativa \u00e9 que isso ajude a mobilizar as pessoas na defesa da APA frente a crimes ambientais como o desmatamento e a degrada\u00e7\u00e3o florestal.<\/p>\n<\/blockquote>\n\n\n\n<p>Segundo a secret\u00e1ria, com a promo\u00e7\u00e3o do turismo sustent\u00e1vel, cria-se oportunidades para que a comunidade local compartilhe hist\u00f3rias, tradi\u00e7\u00f5es e conhecimentos, ao mesmo tempo em que ocorre a prote\u00e7\u00e3o e valoriza\u00e7\u00e3o do patrim\u00f4nio ambiental, al\u00e9m da gera\u00e7\u00e3o de renda. \u201c\u00c9 um passo significativo para unir conserva\u00e7\u00e3o e desenvolvimento comunit\u00e1rio, trazendo benef\u00edcios reais para todos n\u00f3s\u201d, acrescentou.<\/p>\n\n\n\n<p>&nbsp;<strong>\u201cCom a APA Jar\u00e1, Juruti se destaca como um modelo de equil\u00edbrio entre conserva\u00e7\u00e3o ambiental e desenvolvimento sustent\u00e1vel. O projeto refor\u00e7a a import\u00e2ncia de parcerias entre sociedade civil, setor privado e poder p\u00fablico na constru\u00e7\u00e3o de solu\u00e7\u00f5es eficazes para a prote\u00e7\u00e3o da Amaz\u00f4nia\u201d, disse a pesquisadora Jarine, do Imazon. O projeto tem financiamento da Alcoa Foundation.<\/strong><\/p>\n","protected":false},"excerpt":{"rendered":"<p>APA Jara conta com 5 mil hectares e est\u00e1 localizada em Juruti, no Par\u00e1 Os<\/p>\n","protected":false},"author":2,"featured_media":94277,"comment_status":"open","ping_status":"open","sticky":false,"template":"","format":"standard","meta":{"footnotes":""},"categories":[17],"tags":[],"class_list":["post-102841","post","type-post","status-publish","format-standard","has-post-thumbnail","hentry","category-outras-noticias"],"_links":{"self":[{"href":"https:\/\/tvc16.com\/portal\/wp-json\/wp\/v2\/posts\/102841","targetHints":{"allow":["GET"]}}],"collection":[{"href":"https:\/\/tvc16.com\/portal\/wp-json\/wp\/v2\/posts"}],"about":[{"href":"https:\/\/tvc16.com\/portal\/wp-json\/wp\/v2\/types\/post"}],"author":[{"embeddable":true,"href":"https:\/\/tvc16.com\/portal\/wp-json\/wp\/v2\/users\/2"}],"replies":[{"embeddable":true,"href":"https:\/\/tvc16.com\/portal\/wp-json\/wp\/v2\/comments?post=102841"}],"version-history":[{"count":1,"href":"https:\/\/tvc16.com\/portal\/wp-json\/wp\/v2\/posts\/102841\/revisions"}],"predecessor-version":[{"id":102842,"href":"https:\/\/tvc16.com\/portal\/wp-json\/wp\/v2\/posts\/102841\/revisions\/102842"}],"wp:featuredmedia":[{"embeddable":true,"href":"https:\/\/tvc16.com\/portal\/wp-json\/wp\/v2\/media\/94277"}],"wp:attachment":[{"href":"https:\/\/tvc16.com\/portal\/wp-json\/wp\/v2\/media?parent=102841"}],"wp:term":[{"taxonomy":"category","embeddable":true,"href":"https:\/\/tvc16.com\/portal\/wp-json\/wp\/v2\/categories?post=102841"},{"taxonomy":"post_tag","embeddable":true,"href":"https:\/\/tvc16.com\/portal\/wp-json\/wp\/v2\/tags?post=102841"}],"curies":[{"name":"wp","href":"https:\/\/api.w.org\/{rel}","templated":true}]}}