{"id":102849,"date":"2025-04-20T07:00:00","date_gmt":"2025-04-20T10:00:00","guid":{"rendered":"https:\/\/tvc16.com\/portal\/?p=102849"},"modified":"2025-04-19T20:10:23","modified_gmt":"2025-04-19T23:10:23","slug":"populacao-aprova-cardapio-especial-de-pascoa-no-restaurante-do-povo-do-governo-do-estado","status":"publish","type":"post","link":"https:\/\/tvc16.com\/portal\/2025\/04\/20\/populacao-aprova-cardapio-especial-de-pascoa-no-restaurante-do-povo-do-governo-do-estado\/","title":{"rendered":"Popula\u00e7\u00e3o aprova card\u00e1pio especial de P\u00e1scoa no Restaurante do Povo, do Governo do Estado"},"content":{"rendered":"\n<p>Com peixe \u00e0 portuguesa ou feijoada por apenas um real, a unidade de Belford Roxo se tornou um ambiente acolhedor para frequentadores nesta P\u00e1scoa<\/p>\n\n\n\n<p>Casa enfeitada, card\u00e1pio especial e coelhinhos servindo as refei\u00e7\u00f5es. Assim foi o clima do Restaurante do Povo de Belford Roxo, na Baixada Fluminense, nesta sexta-feira. Por apenas um real, os moradores da regi\u00e3o puderam escolher entre dois pratos especiais: peixe \u00e0 portuguesa ou feijoada. Aos poucos o cheiro da comida invadia a rua, a fila ia se formando e as pessoas come\u00e7aram a entrar e se servir. Maria Cristina Silva, de 65 anos, mora sozinha e n\u00e3o tem com quem passar a P\u00e1scoa. Ela contou que se sentiu acolhida e ressaltou que a comida estava excelente.&nbsp;<\/p>\n\n\n\n<p>\u2013 A comida \u00e9 de qualidade e tudo est\u00e1 muito organizado. Me senti acolhida e vi as pessoas em situa\u00e7\u00e3o de rua serem muito bem tratadas. Eu tenho 65 anos, quando vi os coelhinhos e o restaurante todo enfeitado me subiu at\u00e9 a autoestima. Lembrei da minha inf\u00e2ncia, do coelhinho, de uma refei\u00e7\u00e3o completa com a fam\u00edlia. A terceira idade tamb\u00e9m tem direito de curtir a P\u00e1scoa! \u2013 ressaltou a aposentada, com um sorriso largo.<\/p>\n\n\n\n<p>O Restaurante do Povo \u00e9 um equipamento de seguran\u00e7a alimentar e nutricional, vinculado \u00e0 Secretaria de Estado de Desenvolvimento Social e Direitos Humanos. Oferece cerca de 28 mil refei\u00e7\u00f5es por dia aos trabalhadores e \u00e0 popula\u00e7\u00e3o mais vulner\u00e1vel em 13 unidades em funcionamento em todo o estado. Al\u00e9m dos Restaurantes do Povo, o Governo do Estado conta com outras duas iniciativas importantes no combate \u00e0 fome, o Caf\u00e9 do Trabalhador e o RJ Alimenta. Juntas, elas oferecem mais de 53 mil refei\u00e7\u00f5es di\u00e1rias.&nbsp;<\/p>\n\n\n\n<p>\u2013 Temos um foco muito claro em n\u00e3o apenas combater, mas verdadeiramente acabar com a fome no estado do Rio de Janeiro. A popula\u00e7\u00e3o precisa ser tratada com dignidade, e nosso governo entende que a seguran\u00e7a alimentar faz parte disso. Temos tr\u00eas unidades do Restaurante do Povo em funcionamento somente na Baixada, onde o povo mais precisa \u2013 destacou o governador Cl\u00e1udio Castro.<\/p>\n\n\n\n<p>Frequentador desde que o Restaurante foi inaugurado, Eduardo de Almeida, de 50 anos, foi mobilizado pelo card\u00e1pio especial. Desta vez, ele levou a esposa e foi surpreendido quando descobriu que teria a comida t\u00edpica da P\u00e1scoa.<\/p>\n\n\n\n<p>\u2013 Tomei o caf\u00e9, e agora estou almo\u00e7ando. Cinquenta centavos o caf\u00e9 e um real o almo\u00e7o n\u00e3o pesa no bolso de ningu\u00e9m. Estou desempregado, o peixe est\u00e1 caro, e hoje comi muito bem com minha esposa e n\u00e3o gastamos quase nada. Por isso eu volto aqui \u2013 disse Eduardo.<\/p>\n\n\n\n<p><strong>Alimenta\u00e7\u00e3o saud\u00e1vel por um real<\/strong><\/p>\n\n\n\n<p>A secret\u00e1ria de Desenvolvimento Social e Direitos Humanos, Rosangela Gomes, enfatizou a import\u00e2ncia do card\u00e1pio comemorativo para promover o acolhimento da popula\u00e7\u00e3o em situa\u00e7\u00e3o de vulnerabilidade social.<\/p>\n\n\n\n<p>\u2013 Essa iniciativa \u00e9 muito simb\u00f3lica, pois a vida dessas pessoas j\u00e1 \u00e9 t\u00e3o dif\u00edcil, e muitas vezes solit\u00e1ria. A popula\u00e7\u00e3o merece ter esse ambiente acolhedor nessa data t\u00e3o importante, esse \u00e9 o nosso grande diferencial, estamos oferecendo uma alimenta\u00e7\u00e3o de qualidade, por apenas um real, e garantindo que a nossa popula\u00e7\u00e3o possa confraternizar no feriado \u2013 afirmou a secret\u00e1ria.<\/p>\n\n\n\n<p>Nutricionista da unidade, Fernanda Guedes frisou que os pratos s\u00e3o elaborados com muito cuidado, observando o valor nutricional dos alimentos, al\u00e9m do cuidado com os frequentadores.<\/p>\n\n\n\n<p>\u2013 Aqui no Restaurante do Povo as refei\u00e7\u00f5es s\u00e3o nutricionalmente balanceadas com tr\u00eas tipos de saladas, arroz, feij\u00e3o, legumes e sempre com duas op\u00e7\u00f5es de prote\u00edna. Hoje, no caso, o peixe \u00e0 portuguesa e feijoada. Os pratos foram ornamentados pela festividade e os funcion\u00e1rios s\u00e3o orientados a tratar todos com respeito e empatia \u2013 disse a nutricionista.<\/p>\n","protected":false},"excerpt":{"rendered":"<p>Com peixe \u00e0 portuguesa ou feijoada por apenas um real, a unidade de Belford Roxo<\/p>\n","protected":false},"author":2,"featured_media":102730,"comment_status":"open","ping_status":"open","sticky":false,"template":"","format":"standard","meta":{"footnotes":""},"categories":[17],"tags":[],"class_list":["post-102849","post","type-post","status-publish","format-standard","has-post-thumbnail","hentry","category-outras-noticias"],"_links":{"self":[{"href":"https:\/\/tvc16.com\/portal\/wp-json\/wp\/v2\/posts\/102849","targetHints":{"allow":["GET"]}}],"collection":[{"href":"https:\/\/tvc16.com\/portal\/wp-json\/wp\/v2\/posts"}],"about":[{"href":"https:\/\/tvc16.com\/portal\/wp-json\/wp\/v2\/types\/post"}],"author":[{"embeddable":true,"href":"https:\/\/tvc16.com\/portal\/wp-json\/wp\/v2\/users\/2"}],"replies":[{"embeddable":true,"href":"https:\/\/tvc16.com\/portal\/wp-json\/wp\/v2\/comments?post=102849"}],"version-history":[{"count":1,"href":"https:\/\/tvc16.com\/portal\/wp-json\/wp\/v2\/posts\/102849\/revisions"}],"predecessor-version":[{"id":102850,"href":"https:\/\/tvc16.com\/portal\/wp-json\/wp\/v2\/posts\/102849\/revisions\/102850"}],"wp:featuredmedia":[{"embeddable":true,"href":"https:\/\/tvc16.com\/portal\/wp-json\/wp\/v2\/media\/102730"}],"wp:attachment":[{"href":"https:\/\/tvc16.com\/portal\/wp-json\/wp\/v2\/media?parent=102849"}],"wp:term":[{"taxonomy":"category","embeddable":true,"href":"https:\/\/tvc16.com\/portal\/wp-json\/wp\/v2\/categories?post=102849"},{"taxonomy":"post_tag","embeddable":true,"href":"https:\/\/tvc16.com\/portal\/wp-json\/wp\/v2\/tags?post=102849"}],"curies":[{"name":"wp","href":"https:\/\/api.w.org\/{rel}","templated":true}]}}