{"id":102851,"date":"2025-04-20T07:00:00","date_gmt":"2025-04-20T10:00:00","guid":{"rendered":"https:\/\/tvc16.com\/portal\/?p=102851"},"modified":"2025-04-19T20:11:44","modified_gmt":"2025-04-19T23:11:44","slug":"maternidade-da-rocinha-completa-1-ano-e-se-consolida-como-referencia-em-atendimento-humanizado","status":"publish","type":"post","link":"https:\/\/tvc16.com\/portal\/2025\/04\/20\/maternidade-da-rocinha-completa-1-ano-e-se-consolida-como-referencia-em-atendimento-humanizado\/","title":{"rendered":"Maternidade da Rocinha completa 1 ano e se consolida como refer\u00eancia em atendimento humanizado"},"content":{"rendered":"\n<p><em>Mais de 70% dos partos na unidade foram realizados de forma natural<\/em><em><\/em><\/p>\n\n\n\n<p>As gestantes que buscam atendimento na Maternidade da Rocinha, que completa um ano de funcionamento neste domingo, 20 de abril, encontram um diferencial: uma assist\u00eancia humanizada, segura e respeitosa \u00e0 individualidade de cada mulher. Com base nesses princ\u00edpios, a unidade, localizada em S\u00e3o Conrado, tornou-se refer\u00eancia em partos humanizados, com mais de 70% deles realizados de forma natural.<\/p>\n\n\n\n<p>O n\u00famero contrasta com a realidade nacional. No Brasil, aproximadamente 60% dos partos em 2024 foram cesarianas \u2014 \u00edndice bem acima dos 15% recomendados pela Organiza\u00e7\u00e3o Mundial da Sa\u00fade (OMS).<\/p>\n\n\n\n<p>Gerida pela empresa p\u00fablica RioSa\u00fade, a maternidade \u00e9 estrat\u00e9gica para uma regi\u00e3o com mais de 72 mil habitantes, de acordo com o \u00faltimo censo do IBGE. A assist\u00eancia vai al\u00e9m dos partos: j\u00e1 foram realizadas mais de 630 laqueaduras e 2.600 exames, incluindo testes r\u00e1pidos de gravidez, hemogramas e cardiotocografias. A unidade tamb\u00e9m oferece servi\u00e7o de cart\u00f3rio, garantindo a emiss\u00e3o da certid\u00e3o de nascimento dos rec\u00e9m-nascidos no pr\u00f3prio local.<\/p>\n\n\n\n<p>\u2014 Trabalhamos com empatia e acolhimento. Aqui, a paciente \u00e9 a protagonista do seu parto e dos cuidados com o beb\u00ea. Oferecemos um cuidado humanizado, presente em toda a jornada da mulher na unidade. Esse \u00e9 o nosso diferencial \u2014 afirma Amanda Barreiros, diretora da maternidade.<\/p>\n\n\n\n<p>A equipe \u00e9 composta por 206 profissionais treinados nessa linha de cuidado \u2014 entre m\u00e9dicos, enfermeiros, assistentes sociais e nutricionistas \u2014 que atuam todos os dias da semana, 24 horas por dia. Em um ano, mais de 5.200 pessoas foram atendidas na unidade.<\/p>\n\n\n\n<p>Segundo o presidente da RioSa\u00fade, Roberto Rangel, a maternidade conta com uma sala PPP (pr\u00e9-parto, parto e puerp\u00e9rio), sala de recupera\u00e7\u00e3o p\u00f3s-anest\u00e9sica, sala de observa\u00e7\u00e3o cl\u00ednica, quatro leitos obst\u00e9tricos e um centro cir\u00fargico.<\/p>\n\n\n\n<p>\u2014 A RioSa\u00fade tem trabalhado em parceria com a Prefeitura do Rio e a Secretaria Municipal de Sa\u00fade para fortalecer as iniciativas na \u00e1rea da sa\u00fade p\u00fablica e ampliar o acesso da popula\u00e7\u00e3o a um atendimento mais humanizado \u2014 ressalta Rangel.<\/p>\n\n\n\n<p>Para a dona de casa e moradora da Rocinha, Luene de Almeida, de 34 anos, a maternidade mudou a realidade das gestantes da comunidade. Ela deu \u00e0 luz o pequeno Nathan no \u00faltimo dia 7 de abril:<\/p>\n\n\n\n<p>\u2014 Essa maternidade foi um presente para n\u00f3s. Cheguei andando at\u00e9 l\u00e1, fui atendida com muita tranquilidade pelas enfermeiras. Meu marido p\u00f4de ficar comigo o tempo todo. A sala de parto tem banheira, banqueta, m\u00fasica e uma ilumina\u00e7\u00e3o que acalma. Peguei meu beb\u00ea no colo e o amamentei logo ap\u00f3s o nascimento. Foi emocionante.<\/p>\n\n\n\n<p>Recentemente, a unidade deu mais um passo importante: est\u00e1 em vias de receber o selo da Iniciativa Hospital Amigo da Crian\u00e7a (IHAC), concedido pelo Minist\u00e9rio da Sa\u00fade aos hospitais que seguem os dez passos para o sucesso do aleitamento materno, conforme diretrizes da Organiza\u00e7\u00e3o Mundial da Sa\u00fade (OMS) e do Fundo das Na\u00e7\u00f5es Unidas para a Inf\u00e2ncia (Unicef).<\/p>\n\n\n\n<figure class=\"wp-block-table\"><table class=\"has-fixed-layout\"><tbody><tr><td><img decoding=\"async\" src=\"https:\/\/lh3.googleusercontent.com\/a\/ACg8ocJAZAbbx_F_HOu10tmsuPrBWm2p-4aCpNlRHTc6ydJQy9M-yg=s40-p-mo\"><\/td><td>ResponderResponder a todosEncaminharN\u00e3o pode reagir a esta mensagem com um emoji, uma vez que foi enviada com o seu endere\u00e7o em Bcc<\/td><\/tr><\/tbody><\/table><\/figure>\n","protected":false},"excerpt":{"rendered":"<p>Mais de 70% dos partos na unidade foram realizados de forma natural As gestantes que<\/p>\n","protected":false},"author":2,"featured_media":79225,"comment_status":"open","ping_status":"open","sticky":false,"template":"","format":"standard","meta":{"footnotes":""},"categories":[17],"tags":[],"class_list":["post-102851","post","type-post","status-publish","format-standard","has-post-thumbnail","hentry","category-outras-noticias"],"_links":{"self":[{"href":"https:\/\/tvc16.com\/portal\/wp-json\/wp\/v2\/posts\/102851","targetHints":{"allow":["GET"]}}],"collection":[{"href":"https:\/\/tvc16.com\/portal\/wp-json\/wp\/v2\/posts"}],"about":[{"href":"https:\/\/tvc16.com\/portal\/wp-json\/wp\/v2\/types\/post"}],"author":[{"embeddable":true,"href":"https:\/\/tvc16.com\/portal\/wp-json\/wp\/v2\/users\/2"}],"replies":[{"embeddable":true,"href":"https:\/\/tvc16.com\/portal\/wp-json\/wp\/v2\/comments?post=102851"}],"version-history":[{"count":1,"href":"https:\/\/tvc16.com\/portal\/wp-json\/wp\/v2\/posts\/102851\/revisions"}],"predecessor-version":[{"id":102852,"href":"https:\/\/tvc16.com\/portal\/wp-json\/wp\/v2\/posts\/102851\/revisions\/102852"}],"wp:featuredmedia":[{"embeddable":true,"href":"https:\/\/tvc16.com\/portal\/wp-json\/wp\/v2\/media\/79225"}],"wp:attachment":[{"href":"https:\/\/tvc16.com\/portal\/wp-json\/wp\/v2\/media?parent=102851"}],"wp:term":[{"taxonomy":"category","embeddable":true,"href":"https:\/\/tvc16.com\/portal\/wp-json\/wp\/v2\/categories?post=102851"},{"taxonomy":"post_tag","embeddable":true,"href":"https:\/\/tvc16.com\/portal\/wp-json\/wp\/v2\/tags?post=102851"}],"curies":[{"name":"wp","href":"https:\/\/api.w.org\/{rel}","templated":true}]}}