{"id":102867,"date":"2025-04-21T10:09:59","date_gmt":"2025-04-21T13:09:59","guid":{"rendered":"https:\/\/tvc16.com\/portal\/?p=102867"},"modified":"2025-04-21T10:10:00","modified_gmt":"2025-04-21T13:10:00","slug":"recem-nascidos-ganham-ensaio-fotografico-em-comemoracao-a-pascoa","status":"publish","type":"post","link":"https:\/\/tvc16.com\/portal\/2025\/04\/21\/recem-nascidos-ganham-ensaio-fotografico-em-comemoracao-a-pascoa\/","title":{"rendered":"Rec\u00e9m-nascidos ganham ensaio fotogr\u00e1fico em comemora\u00e7\u00e3o \u00e0 P\u00e1scoa"},"content":{"rendered":"\n<p><em>A\u00e7\u00f5es tem\u00e1ticas vestiram os pequenos com fantasias de coelhinho como um suspiro durante a interna\u00e7\u00e3o hospitalar<\/em><\/p>\n\n\n\n<p>O coelhinho da P\u00e1scoa passou espalhando fofura em UTIs Neonatais da Secretaria de Estado de Sa\u00fade do Rio de Janeiro. No Hospital Estadual Azevedo Lima (HEAL), em Niter\u00f3i, e no Hospital Estadual da M\u00e3e de Mesquita, os nen\u00e9ns, vestidos de coelhinhos e coelhinhas, ganharam uma sess\u00e3o de fotos para l\u00e1 de especial. Foi um momento de suspiro para as mam\u00e3es em meio \u00e0 interna\u00e7\u00e3o.<\/p>\n\n\n\n<p>No HEAL, a a\u00e7\u00e3o de P\u00e1scoa faz parte do Pequenos Encantos, que celebra o \u2018M\u00easvers\u00e1rio\u2019 dos rec\u00e9m-nascidos que precisam de cuidados m\u00e9dicos. A coordenadora de Psicologia, Edil\u00e9a Oliveira, \u00e9 a artes\u00e3 respons\u00e1vel pela fantasia dos pequenos. \u201cFa\u00e7o tudo com muito carinho e amor. Quando vejo os nen\u00e9ns vestidos me d\u00e1 uma felicidade incr\u00edvel em marcar a vida dessas fam\u00edlias. \u00c9 um dia de muita felicidade\u201d, explicou.<\/p>\n\n\n\n<p>E foi essa felicidade que a auxiliar de servi\u00e7os gerais Beatriz Rocha, 26 anos, sentiu ao saber que seu filho, Derick, participaria da a\u00e7\u00e3o. \u201cSenti vontade de chorar ao ver meu beb\u00ea fantasiado de coelho. Eu n\u00e3o esperava essa surpresa t\u00e3o boa\u201d, contou a moradora de S\u00e3o Gon\u00e7alo.&nbsp;<\/p>\n\n\n\n<p>As fam\u00edlias dos rec\u00e9m-nascidos, al\u00e9m de ganharem a sess\u00e3o de fotos, tamb\u00e9m levaram para casa as fantasias dos pequenos. Foi o caso da farmac\u00eautica Joyce Santos, 33 anos, m\u00e3e de primeira viagem da pequena Al\u00edcia. \u201cFiquei surpresa e achei muito legal. Nossos filhos s\u00e3o bem tratados aqui, esse tipo de atividade traz alegria. Vou guardar a roupinha com muito carinho\u201d, disse.<\/p>\n\n\n\n<p>No Hospital Estadual da M\u00e3e de Mesquita, La\u00eds Teixeira, assessora de planejamento, mobilizou a equipe de enfermagem para proporcionar esse momento de fofura.<\/p>\n\n\n\n<p>\u201cQuando chegam as datas comemorativas, a gente pensa em a\u00e7\u00f5es de acolhimento voltadas para as m\u00e3es. Entendemos que, se fosse em outra situa\u00e7\u00e3o, elas certamente colocariam uma roupa especial, tirariam fotos dos pequenos. J\u00e1 que est\u00e3o aqui, nosso objetivo \u00e9 proporcionar boas lembran\u00e7as\u201d, conta La\u00eds.<\/p>\n","protected":false},"excerpt":{"rendered":"<p>A\u00e7\u00f5es tem\u00e1ticas vestiram os pequenos com fantasias de coelhinho como um suspiro durante a interna\u00e7\u00e3o<\/p>\n","protected":false},"author":2,"featured_media":102868,"comment_status":"open","ping_status":"open","sticky":false,"template":"","format":"standard","meta":{"footnotes":""},"categories":[17],"tags":[],"class_list":["post-102867","post","type-post","status-publish","format-standard","has-post-thumbnail","hentry","category-outras-noticias"],"_links":{"self":[{"href":"https:\/\/tvc16.com\/portal\/wp-json\/wp\/v2\/posts\/102867","targetHints":{"allow":["GET"]}}],"collection":[{"href":"https:\/\/tvc16.com\/portal\/wp-json\/wp\/v2\/posts"}],"about":[{"href":"https:\/\/tvc16.com\/portal\/wp-json\/wp\/v2\/types\/post"}],"author":[{"embeddable":true,"href":"https:\/\/tvc16.com\/portal\/wp-json\/wp\/v2\/users\/2"}],"replies":[{"embeddable":true,"href":"https:\/\/tvc16.com\/portal\/wp-json\/wp\/v2\/comments?post=102867"}],"version-history":[{"count":1,"href":"https:\/\/tvc16.com\/portal\/wp-json\/wp\/v2\/posts\/102867\/revisions"}],"predecessor-version":[{"id":102869,"href":"https:\/\/tvc16.com\/portal\/wp-json\/wp\/v2\/posts\/102867\/revisions\/102869"}],"wp:featuredmedia":[{"embeddable":true,"href":"https:\/\/tvc16.com\/portal\/wp-json\/wp\/v2\/media\/102868"}],"wp:attachment":[{"href":"https:\/\/tvc16.com\/portal\/wp-json\/wp\/v2\/media?parent=102867"}],"wp:term":[{"taxonomy":"category","embeddable":true,"href":"https:\/\/tvc16.com\/portal\/wp-json\/wp\/v2\/categories?post=102867"},{"taxonomy":"post_tag","embeddable":true,"href":"https:\/\/tvc16.com\/portal\/wp-json\/wp\/v2\/tags?post=102867"}],"curies":[{"name":"wp","href":"https:\/\/api.w.org\/{rel}","templated":true}]}}