{"id":10287,"date":"2021-02-11T17:20:24","date_gmt":"2021-02-11T20:20:24","guid":{"rendered":"https:\/\/tvc16.com\/portal\/?p=10287"},"modified":"2021-02-11T17:20:27","modified_gmt":"2021-02-11T20:20:27","slug":"capital-paulista-comeca-a-vacinar-amanha-populacao-em-situacao-de-rua","status":"publish","type":"post","link":"https:\/\/tvc16.com\/portal\/2021\/02\/11\/capital-paulista-comeca-a-vacinar-amanha-populacao-em-situacao-de-rua\/","title":{"rendered":"Capital paulista come\u00e7a a vacinar amanh\u00e3 popula\u00e7\u00e3o em situa\u00e7\u00e3o de rua"},"content":{"rendered":"\n<h3 class=\"wp-block-heading\">Estimativa \u00e9 atender 2,2 mil pessoas com idade acima de 60 anos<\/h3>\n\n\n\n<h4 class=\"wp-block-heading\">Por Elaine Patricia Cruz \u2013 Rep\u00f3rter da Ag\u00eancia Brasil &#8211; S\u00e3o Paulo<\/h4>\n\n\n\n<p>A popula\u00e7\u00e3o que vive em situa\u00e7\u00e3o de rua na cidade de S\u00e3o Paulo come\u00e7ar\u00e1 a ser vacinada nesta sexta-feira (12) contra o novo coronav\u00edrus. O an\u00fancio foi feito hoje (11) pelo prefeito Bruno Covas.<img decoding=\"async\" src=\"https:\/\/agenciabrasil.ebc.com.br\/ebc.png?id=1401144&amp;o=node\"><img decoding=\"async\" src=\"https:\/\/agenciabrasil.ebc.com.br\/ebc.gif?id=1401144&amp;o=node\"><\/p>\n\n\n\n<p>O prefeito informou que dever\u00e3o ser vacinados 2,2 mil moradores em situa\u00e7\u00e3o de rua com idade superior a 60 anos. Segundo Covas, a vacina\u00e7\u00e3o dessa parcela atende a um pedido feito pelo Minist\u00e9rio P\u00fablico e pela Defensoria P\u00fablica.<\/p>\n\n\n\n<p>Tamb\u00e9m amanh\u00e3 ter\u00e1 in\u00edcio a aplica\u00e7\u00e3o da segunda dose para as pessoas que abriram a campanha de vacina\u00e7\u00e3o contra a covid-19 no m\u00eas de janeiro. Os primeiros a receber a segunda e \u00faltima dose do imunizante ser\u00e3o os profissionais de sa\u00fade, ind\u00edgenas e idosos que vivem em institui\u00e7\u00f5es de longa perman\u00eancia, que comp\u00f5em os primeiros grupos vacinados contra a covid-19.<\/p>\n\n\n\n<p>At\u00e9 o momento, a cidade j\u00e1 imunizou mais de 301 mil pessoas, dos quais 34,4 mil s\u00e3o idosos com idade acima de 90 anos. O n\u00famero de pessoas com mais de 90 anos j\u00e1 vacinadas superou a meta da prefeitura, o que indica que idosos de outras cidades podem ter sido imunizados em S\u00e3o Paulo.<\/p>\n\n\n\n<h2 class=\"wp-block-heading\">Mais de 85 anos<\/h2>\n\n\n\n<p>Nesta quinta-feira, idosos com idade acima de 85 anos come\u00e7aram a ser vacinados na cidade de S\u00e3o Paulo em sistema&nbsp;<em>drive-thrus<\/em>, que foram instalados em cinco pontos da cidade: na Arena Corinthians, no Aut\u00f3dromo de Interlagos, no Est\u00e1dio do Pacaembu, no Centro de Exposi\u00e7\u00f5es do Anhembi e na Igreja Boas Novas, na Vila Prudente.<\/p>\n\n\n\n<p>A partir de amanh\u00e3, a vacina\u00e7\u00e3o se estender\u00e1 para as unidades b\u00e1sicas de sa\u00fade (UBSs), centros-escolas e outros pontos de drives-thrus.<\/p>\n\n\n\n<p>Segundo a prefeitura, 86 mil doses de vacina est\u00e3o dispon\u00edveis para pessoas entre 85 e 89 anos na cidade de S\u00e3o Paulo. Idosos com dificuldade ou incapacidade de locomo\u00e7\u00e3o ser\u00e3o vacinados em casa.<\/p>\n\n\n\n<p>Edi\u00e7\u00e3o: N\u00e1dia Franco<\/p>\n","protected":false},"excerpt":{"rendered":"<p>Estimativa \u00e9 atender 2,2 mil pessoas com idade acima de 60 anos Por Elaine Patricia<\/p>\n","protected":false},"author":2,"featured_media":10288,"comment_status":"open","ping_status":"open","sticky":false,"template":"","format":"standard","meta":{"footnotes":""},"categories":[17],"tags":[],"class_list":["post-10287","post","type-post","status-publish","format-standard","has-post-thumbnail","hentry","category-outras-noticias"],"_links":{"self":[{"href":"https:\/\/tvc16.com\/portal\/wp-json\/wp\/v2\/posts\/10287","targetHints":{"allow":["GET"]}}],"collection":[{"href":"https:\/\/tvc16.com\/portal\/wp-json\/wp\/v2\/posts"}],"about":[{"href":"https:\/\/tvc16.com\/portal\/wp-json\/wp\/v2\/types\/post"}],"author":[{"embeddable":true,"href":"https:\/\/tvc16.com\/portal\/wp-json\/wp\/v2\/users\/2"}],"replies":[{"embeddable":true,"href":"https:\/\/tvc16.com\/portal\/wp-json\/wp\/v2\/comments?post=10287"}],"version-history":[{"count":1,"href":"https:\/\/tvc16.com\/portal\/wp-json\/wp\/v2\/posts\/10287\/revisions"}],"predecessor-version":[{"id":10289,"href":"https:\/\/tvc16.com\/portal\/wp-json\/wp\/v2\/posts\/10287\/revisions\/10289"}],"wp:featuredmedia":[{"embeddable":true,"href":"https:\/\/tvc16.com\/portal\/wp-json\/wp\/v2\/media\/10288"}],"wp:attachment":[{"href":"https:\/\/tvc16.com\/portal\/wp-json\/wp\/v2\/media?parent=10287"}],"wp:term":[{"taxonomy":"category","embeddable":true,"href":"https:\/\/tvc16.com\/portal\/wp-json\/wp\/v2\/categories?post=10287"},{"taxonomy":"post_tag","embeddable":true,"href":"https:\/\/tvc16.com\/portal\/wp-json\/wp\/v2\/tags?post=10287"}],"curies":[{"name":"wp","href":"https:\/\/api.w.org\/{rel}","templated":true}]}}