{"id":102879,"date":"2025-04-21T11:07:12","date_gmt":"2025-04-21T14:07:12","guid":{"rendered":"https:\/\/tvc16.com\/portal\/?p=102879"},"modified":"2025-04-21T11:07:13","modified_gmt":"2025-04-21T14:07:13","slug":"iphan-propoe-revisao-da-area-tombada-na-avenida-koeller","status":"publish","type":"post","link":"https:\/\/tvc16.com\/portal\/2025\/04\/21\/iphan-propoe-revisao-da-area-tombada-na-avenida-koeller\/","title":{"rendered":"IPHAN prop\u00f5e revis\u00e3o da \u00e1rea tombada na Avenida Koeller"},"content":{"rendered":"\n<p><em>Por Leandra Lima<\/em><\/p>\n\n\n\n<p>O Instituto do Patrim\u00f4nio Hist\u00f3rico e Art\u00edstico Nacional (IPHAN), realizou na quarta-feira (16), uma reuni\u00e3o com o Conselho Municipal de Patrim\u00f4nio Natural e Cultural de Petr\u00f3polis, para debater o projeto de rerratifica\u00e7\u00e3o do tombamento do bem denominado &#8220;Avenida Koeler: Conjunto Urbano-Paisag\u00edstico&#8221; na cidade, proposta pelo o instituto. O plano prev\u00ea o ampliamento da \u00e1rea central tombada em cerca de cinco vezes do tamanho atual de abrang\u00eancia no territ\u00f3rio.<\/p>\n\n\n\n<p>Segundo o IPHAN, a retifica\u00e7\u00e3o das \u00e1reas destacadas servir\u00e1 para caracterizar e localizar no territ\u00f3rio os atributos que materializam o valor paisag\u00edstico, regulamentando tamb\u00e9m o entorno. A proposta destaca ainda, uma nova denomina\u00e7\u00e3o para o conjunto tombado e o estabelecimento de diretrizes e objetivos de preserva\u00e7\u00e3o para o bem cultural, al\u00e9m de denominar diretrizes e objetivos de preserva\u00e7\u00e3o para o conjunto cultural tombado.<\/p>\n\n\n\n<p>As motiva\u00e7\u00f5es para o planejamento do documento, surgiram a partir de estudos que identificaram a necessidade de corrigir a abrang\u00eancia territorial do tombamento e do entorno; caracterizar a valora\u00e7\u00e3o paisag\u00edstica do conjunto no tombamento; clarificar a contribui\u00e7\u00e3o dos rios para o valor cultural do conjunto e refor\u00e7ar o car\u00e1ter de conjunto para a \u00e1rea central.<\/p>\n\n\n\n<p><strong>Nova abordagem<\/strong><\/p>\n\n\n\n<p>A primeira extens\u00e3o do tombamento foi realizada em 1980, e em 1981 surgiu uma portaria em 24 de junho, onde foram dispostas a demarca\u00e7\u00e3o dos conjuntos, paisagens e pr\u00e9dios e outras edifica\u00e7\u00f5es tombadas no munic\u00edpio. Ap\u00f3s, conforme dados do IPHAN, houve uma altera\u00e7\u00e3o em 1986, onde foi publicada uma nova portaria, uma atualiza\u00e7\u00e3o da anterior a partir da segunda extens\u00e3o do tombamento. A principal altera\u00e7\u00e3o ditou a respeito do entorno dos rios, uma vez que estes passaram a compor a \u00e1rea tombada. E assim foi seguindo ao passo de novas investiga\u00e7\u00f5es.<\/p>\n\n\n\n<p>Atualmente o estudo proposto visa diminuir a abrang\u00eancia do IPHAN em trechos de rios, fora da \u00e1rea central e reorganizar outras regi\u00f5es, destacando im\u00f3veis isolados. Como por exemplo, o complexo fabril de Cascatinha, que ter\u00e1 uma nova delimita\u00e7\u00e3o das \u00e1reas ao entorno da regi\u00e3o. E outras modifica\u00e7\u00f5es em rela\u00e7\u00e3o aos espa\u00e7os e \u00e1reas que comp\u00f5em o conjunto tombado como um todo.<\/p>\n\n\n\n<p>Com a resolu\u00e7\u00e3o pronta, existem certos tr\u00e2mites para que seja publicada e passe a valer. Ap\u00f3s a aprova\u00e7\u00e3o, a previs\u00e3o \u00e9 que a nova norma seja institu\u00edda em 2026.<\/p>\n","protected":false},"excerpt":{"rendered":"<p>Por Leandra Lima O Instituto do Patrim\u00f4nio Hist\u00f3rico e Art\u00edstico Nacional (IPHAN), realizou na quarta-feira<\/p>\n","protected":false},"author":2,"featured_media":102880,"comment_status":"open","ping_status":"open","sticky":false,"template":"","format":"standard","meta":{"footnotes":""},"categories":[12],"tags":[],"class_list":["post-102879","post","type-post","status-publish","format-standard","has-post-thumbnail","hentry","category-cidade"],"_links":{"self":[{"href":"https:\/\/tvc16.com\/portal\/wp-json\/wp\/v2\/posts\/102879","targetHints":{"allow":["GET"]}}],"collection":[{"href":"https:\/\/tvc16.com\/portal\/wp-json\/wp\/v2\/posts"}],"about":[{"href":"https:\/\/tvc16.com\/portal\/wp-json\/wp\/v2\/types\/post"}],"author":[{"embeddable":true,"href":"https:\/\/tvc16.com\/portal\/wp-json\/wp\/v2\/users\/2"}],"replies":[{"embeddable":true,"href":"https:\/\/tvc16.com\/portal\/wp-json\/wp\/v2\/comments?post=102879"}],"version-history":[{"count":1,"href":"https:\/\/tvc16.com\/portal\/wp-json\/wp\/v2\/posts\/102879\/revisions"}],"predecessor-version":[{"id":102881,"href":"https:\/\/tvc16.com\/portal\/wp-json\/wp\/v2\/posts\/102879\/revisions\/102881"}],"wp:featuredmedia":[{"embeddable":true,"href":"https:\/\/tvc16.com\/portal\/wp-json\/wp\/v2\/media\/102880"}],"wp:attachment":[{"href":"https:\/\/tvc16.com\/portal\/wp-json\/wp\/v2\/media?parent=102879"}],"wp:term":[{"taxonomy":"category","embeddable":true,"href":"https:\/\/tvc16.com\/portal\/wp-json\/wp\/v2\/categories?post=102879"},{"taxonomy":"post_tag","embeddable":true,"href":"https:\/\/tvc16.com\/portal\/wp-json\/wp\/v2\/tags?post=102879"}],"curies":[{"name":"wp","href":"https:\/\/api.w.org\/{rel}","templated":true}]}}