{"id":102886,"date":"2025-04-21T16:08:09","date_gmt":"2025-04-21T19:08:09","guid":{"rendered":"https:\/\/tvc16.com\/portal\/?p=102886"},"modified":"2025-04-21T16:08:10","modified_gmt":"2025-04-21T19:08:10","slug":"vaticano-confirma-morte-do-papa-por-avc-e-colapso-cardiovascular","status":"publish","type":"post","link":"https:\/\/tvc16.com\/portal\/2025\/04\/21\/vaticano-confirma-morte-do-papa-por-avc-e-colapso-cardiovascular\/","title":{"rendered":"Vaticano confirma morte do papa por AVC e colapso cardiovascular"},"content":{"rendered":"\n<p>Santa S\u00e9 ainda n\u00e3o divulgou detalhes sobre cerim\u00f4nias f\u00fanebres<a href=\"https:\/\/api.whatsapp.com\/send?text=Vaticano+confirma+morte+do+papa+por+AVC+e+colapso+cardiovascular+%7C+Ag%C3%AAncia+Brasil+%7C+Ag%C3%AAncia+Brasil+%7C+https%3A%2F%2Fagenciabrasil.ebc.com.br%2Finternacional%2Fnoticia%2F2025-04%2Fvaticano-confirma-morte-do-papa-por-avc-e-colapso-cardiorrespiratorio\" target=\"_blank\" rel=\"noreferrer noopener\"><\/a><a href=\"https:\/\/facebook.com\/sharer.php?u=https%3A%2F%2Fagenciabrasil.ebc.com.br%2Finternacional%2Fnoticia%2F2025-04%2Fvaticano-confirma-morte-do-papa-por-avc-e-colapso-cardiorrespiratorio&amp;t=Vaticano+confirma+morte+do+papa+por+AVC+e+colapso+cardiovascular+%7C+Ag%C3%AAncia+Brasil\" target=\"_blank\" rel=\"noreferrer noopener\"><\/a><a href=\"https:\/\/twitter.com\/intent\/tweet?url=https%3A%2F%2Fagenciabrasil.ebc.com.br%2Finternacional%2Fnoticia%2F2025-04%2Fvaticano-confirma-morte-do-papa-por-avc-e-colapso-cardiorrespiratorio&amp;text=Vaticano+confirma+morte+do+papa+por+AVC+e+colapso+cardiovascular+%7C+Ag%C3%AAncia+Brasil\" target=\"_blank\" rel=\"noreferrer noopener\"><\/a><a href=\"https:\/\/www.linkedin.com\/shareArticle?url=https%3A%2F%2Fagenciabrasil.ebc.com.br%2Finternacional%2Fnoticia%2F2025-04%2Fvaticano-confirma-morte-do-papa-por-avc-e-colapso-cardiorrespiratorio&amp;summary=Vaticano+confirma+morte+do+papa+por+AVC+e+colapso+cardiovascular+%7C+Ag%C3%AAncia+Brasil\" target=\"_blank\" rel=\"noreferrer noopener\"><\/a><\/p>\n\n\n\n<p>Um boletim m\u00e9dico oficial divulgado nesta segunda-feira (21) pela Santa S\u00e9 informa que&nbsp;<strong>o papa Francisco foi v\u00edtima de um acidente vascular cerebral (AVC), seguido por coma e colapso cardiovascular irrevers\u00edvel.<\/strong><img decoding=\"async\" src=\"https:\/\/agenciabrasil.ebc.com.br\/ebc.png?id=1639675&amp;o=node\"><img decoding=\"async\" src=\"https:\/\/agenciabrasil.ebc.com.br\/ebc.gif?id=1639675&amp;o=node\"><\/p>\n\n\n\n<p>O relat\u00f3rio de \u00f3bito \u00e9 assinado pelo professor Andrea Arcangeli, diretor da Dire\u00e7\u00e3o de Sa\u00fade e Higiene do Estado da Cidade do Vaticano.&nbsp;<strong>A morte foi constatada por meio de registro eletrocardiotanatogr\u00e1fico, m\u00e9todo que identifica o momento exato da parada card\u00edaca (7h35 no hor\u00e1rio local; 2h35 no hor\u00e1rio de Bras\u00edlia).<\/strong><\/p>\n\n\n\n<p>O documento tamb\u00e9m informa que o papa apresentava hist\u00f3rico cl\u00ednico de insufici\u00eancia respirat\u00f3ria aguda, pneumonia multimicrobiana bilateral, bronquiectasias m\u00faltiplas, hipertens\u00e3o arterial e diabetes tipo 2.<\/p>\n\n\n\n<p>\u201cDeclaro que as causas da morte, segundo meu conhecimento e consci\u00eancia, s\u00e3o aquelas indicadas acima\u201d, afirmou Arcangeli no relat\u00f3rio.<\/p>\n\n\n\n<p>A Santa S\u00e9 ainda n\u00e3o divulgou detalhes sobre as cerim\u00f4nias f\u00fanebres nem sobre os pr\u00f3ximos passos do Vaticano com rela\u00e7\u00e3o \u00e0 sucess\u00e3o papal.<\/p>\n\n\n\n<p>Por Ag\u00eancia Brasil<\/p>\n\n\n\n<p>Foto Paulo Pinto\/Ag\u00eancia Brasil<\/p>\n","protected":false},"excerpt":{"rendered":"<p>Santa S\u00e9 ainda n\u00e3o divulgou detalhes sobre cerim\u00f4nias f\u00fanebres Um boletim m\u00e9dico oficial divulgado nesta<\/p>\n","protected":false},"author":2,"featured_media":102887,"comment_status":"open","ping_status":"open","sticky":false,"template":"","format":"standard","meta":{"footnotes":""},"categories":[17],"tags":[],"class_list":["post-102886","post","type-post","status-publish","format-standard","has-post-thumbnail","hentry","category-outras-noticias"],"_links":{"self":[{"href":"https:\/\/tvc16.com\/portal\/wp-json\/wp\/v2\/posts\/102886","targetHints":{"allow":["GET"]}}],"collection":[{"href":"https:\/\/tvc16.com\/portal\/wp-json\/wp\/v2\/posts"}],"about":[{"href":"https:\/\/tvc16.com\/portal\/wp-json\/wp\/v2\/types\/post"}],"author":[{"embeddable":true,"href":"https:\/\/tvc16.com\/portal\/wp-json\/wp\/v2\/users\/2"}],"replies":[{"embeddable":true,"href":"https:\/\/tvc16.com\/portal\/wp-json\/wp\/v2\/comments?post=102886"}],"version-history":[{"count":1,"href":"https:\/\/tvc16.com\/portal\/wp-json\/wp\/v2\/posts\/102886\/revisions"}],"predecessor-version":[{"id":102888,"href":"https:\/\/tvc16.com\/portal\/wp-json\/wp\/v2\/posts\/102886\/revisions\/102888"}],"wp:featuredmedia":[{"embeddable":true,"href":"https:\/\/tvc16.com\/portal\/wp-json\/wp\/v2\/media\/102887"}],"wp:attachment":[{"href":"https:\/\/tvc16.com\/portal\/wp-json\/wp\/v2\/media?parent=102886"}],"wp:term":[{"taxonomy":"category","embeddable":true,"href":"https:\/\/tvc16.com\/portal\/wp-json\/wp\/v2\/categories?post=102886"},{"taxonomy":"post_tag","embeddable":true,"href":"https:\/\/tvc16.com\/portal\/wp-json\/wp\/v2\/tags?post=102886"}],"curies":[{"name":"wp","href":"https:\/\/api.w.org\/{rel}","templated":true}]}}