{"id":102889,"date":"2025-04-21T16:12:34","date_gmt":"2025-04-21T19:12:34","guid":{"rendered":"https:\/\/tvc16.com\/portal\/?p=102889"},"modified":"2025-04-21T16:12:35","modified_gmt":"2025-04-21T19:12:35","slug":"papa-deixa-exemplo-de-defesa-ecologica-e-dos-mais-pobres-diz-cardeal","status":"publish","type":"post","link":"https:\/\/tvc16.com\/portal\/2025\/04\/21\/papa-deixa-exemplo-de-defesa-ecologica-e-dos-mais-pobres-diz-cardeal\/","title":{"rendered":"Papa deixa exemplo de defesa ecol\u00f3gica e dos mais pobres, diz cardeal"},"content":{"rendered":"\n<p>Avalia\u00e7\u00e3o \u00e9 do arcebispo de Bras\u00edlia, cardeal Paulo Cezar<a href=\"https:\/\/api.whatsapp.com\/send?text=Papa+deixa+exemplo+de+defesa+ecol%C3%B3gica+e+dos+mais+pobres%2C+diz+cardeal+%7C+Ag%C3%AAncia+Brasil+%7C+Ag%C3%AAncia+Brasil+%7C+https%3A%2F%2Fagenciabrasil.ebc.com.br%2Finternacional%2Fnoticia%2F2025-04%2Fpapa-deixa-exemplo-de-defesa-ecologica-e-mais-pobres-diz-cardeal\" target=\"_blank\" rel=\"noreferrer noopener\"><\/a><a href=\"https:\/\/facebook.com\/sharer.php?u=https%3A%2F%2Fagenciabrasil.ebc.com.br%2Finternacional%2Fnoticia%2F2025-04%2Fpapa-deixa-exemplo-de-defesa-ecologica-e-mais-pobres-diz-cardeal&amp;t=Papa+deixa+exemplo+de+defesa+ecol%C3%B3gica+e+dos+mais+pobres%2C+diz+cardeal+%7C+Ag%C3%AAncia+Brasil\" target=\"_blank\" rel=\"noreferrer noopener\"><\/a><a href=\"https:\/\/twitter.com\/intent\/tweet?url=https%3A%2F%2Fagenciabrasil.ebc.com.br%2Finternacional%2Fnoticia%2F2025-04%2Fpapa-deixa-exemplo-de-defesa-ecologica-e-mais-pobres-diz-cardeal&amp;text=Papa+deixa+exemplo+de+defesa+ecol%C3%B3gica+e+dos+mais+pobres%2C+diz+cardeal+%7C+Ag%C3%AAncia+Brasil\" target=\"_blank\" rel=\"noreferrer noopener\"><\/a><a href=\"https:\/\/www.linkedin.com\/shareArticle?url=https%3A%2F%2Fagenciabrasil.ebc.com.br%2Finternacional%2Fnoticia%2F2025-04%2Fpapa-deixa-exemplo-de-defesa-ecologica-e-mais-pobres-diz-cardeal&amp;summary=Papa+deixa+exemplo+de+defesa+ecol%C3%B3gica+e+dos+mais+pobres%2C+diz+cardeal+%7C+Ag%C3%AAncia+Brasil\" target=\"_blank\" rel=\"noreferrer noopener\"><\/a><\/p>\n\n\n\n<p>Vers\u00e3o em \u00e1udio<\/p>\n\n\n\n<p>O papa Francisco colocou o cuidado com o meio&nbsp;ambiente e com os mais pobres no centro do seu pontificado. A avalia\u00e7\u00e3o \u00e9 do arcebispo de Bras\u00edlia, cardeal Paulo Cezar Costa, que vai participar da escolha do novo papa.&nbsp;<strong>O&nbsp;<a href=\"https:\/\/agenciabrasil.ebc.com.br\/internacional\/noticia\/2025-04\/papa-francisco-morre-aos-88-anos\" target=\"_blank\" rel=\"noreferrer noopener\">pont\u00edfice faleceu<\/a>&nbsp;nesta segunda-feira (21), aos 88 anos.<\/strong><img decoding=\"async\" src=\"https:\/\/agenciabrasil.ebc.com.br\/ebc.png?id=1639666&amp;o=node\"><img decoding=\"async\" src=\"https:\/\/agenciabrasil.ebc.com.br\/ebc.gif?id=1639666&amp;o=node\"><\/p>\n\n\n\n<p>\u201cDeixa esse grande legado para o mundo, principalmente a quest\u00e3o ecol\u00f3gica, o pr\u00f3prio nome, quando escolheu Francisco [em refer\u00eancia a S\u00e3o Francisco de Assis, conhecido como protetor dos animais e da natureza]&nbsp;ele foi algu\u00e9m que amou a ecologia, que percebeu que temos uma casa comum e,&nbsp;por isso,&nbsp;chamava todos de irm\u00e3os e de irm\u00e3s\u201d, disse dom Paulo, em coletiva de imprensa, nesta segunda-feira,&nbsp;em Bras\u00edlia.<\/p>\n\n\n\n<figure class=\"wp-block-image\"><img decoding=\"async\" src=\"https:\/\/imagens.ebc.com.br\/xtEkzTE0Tz_IsuOQ4tT25va2UUg=\/463x0\/smart\/https:\/\/agenciabrasil.ebc.com.br\/sites\/default\/files\/thumbnails\/image\/2025\/04\/21\/21042025-pzzb4489.jpg?itok=3rdPq0vr\" alt=\"Bras\u00edlia (DF) 221\/04\/2025 o arcebispo de Bras\u00edlia, Cardeal Dom Paulo C\u00e9sar, acompanhado dos bispos auxiliares e do Cardeal em\u00e9rito, Dom Raimundo damasceno, durante coletiva sobre a morte do Papa Francisco  Foto: Fabio Rodrigues-Pozzebom\/ Ag\u00eancia Brasil\" title=\"Fabio Rodrigues-Pozzebom\/ Ag\u00eancia Brasil\"\/><\/figure>\n\n\n\n<h6 class=\"wp-block-heading\">Coletiva arcebispo pela morte do Papa.&nbsp;<strong>Foto:&nbsp;Fabio Pozzebom\/ Ag\u00eancia Brasil<\/strong><\/h6>\n\n\n\n<p>Segundo dom Paulo, quando o papa Francisco prop\u00f5e a Laudato Si, ele alerta que a industrializa\u00e7\u00e3o &#8211;&nbsp;a raz\u00e3o moderna &#8211;&nbsp;n\u00e3o conseguiu conciliar desenvolvimento com sustentabilidade. \u201c\u00c9 preciso buscar, ent\u00e3o, a raz\u00e3o contemplativa. \u00c9 preciso olhar a realidade e perceber que tudo \u00e9 dom do amor misericordioso de Deus, que precisa ser conservado, precisa ser preservado\u201d, afirmou.<\/p>\n\n\n\n<p>A&nbsp;<a href=\"https:\/\/agenciabrasil.ebc.com.br\/internacional\/noticia\/2015-06\/enciclica-papal-sobre-meio-ambiente-apela-para-responsabilidade-de\" target=\"_blank\" rel=\"noreferrer noopener\">Laudato Si<\/a>&nbsp;(em portugu\u00eas, Louvado Seja) \u00e9 o t\u00edtulo da enc\u00edclica do papa Francisco sobre o cuidado com o meio ambiente, escrita em 2015, como uma reflex\u00e3o sobre a crise ecol\u00f3gica e um apelo \u00e0 a\u00e7\u00e3o para proteger o planeta. Uma enc\u00edclica \u00e9 a forma mais elevada de escrita papal.<\/p>\n\n\n\n<p>Para o arcebispo de Bras\u00edlia, Francisco tamb\u00e9m deixa um legado de simplicidade, de uma igreja evangelizadora e mission\u00e1ria.<\/p>\n\n\n\n<blockquote class=\"wp-block-quote is-layout-flow wp-block-quote-is-layout-flow\">\n<p>\u201cUma igreja que vai para as periferias humanas, para as periferias existenciais, \u00e9 um legado de acolhida\u201d, destacou, dizendo que o Papa era \u201cprofundamente antenado\u201d com as quest\u00f5es atuais, como a migra\u00e7\u00e3o e as guerras.<\/p>\n<\/blockquote>\n\n\n\n<p>De acordo com&nbsp;dom Paulo, Francisco dizia que o Mar Mediterr\u00e2neo n\u00e3o poderia ser um \u201ccemit\u00e9rio de pessoas\u201d. No local, muitos&nbsp;<a href=\"https:\/\/agenciabrasil.ebc.com.br\/internacional\/noticia\/2019-01\/mais-de-150-imigrantes-se-afogam-no-mar-mediterraneo\" target=\"_blank\" rel=\"noreferrer noopener\">barcos com refugiados naufragam tentando chegar \u00e0 Europa<\/a>.&nbsp; Segundo o cardeal, o papa defendia que o&nbsp;<a href=\"https:\/\/agenciabrasil.ebc.com.br\/internacional\/noticia\/2025-04\/papa-apela-cessar-fogo-em-gaza-e-paz-na-ucrania\" target=\"_blank\" rel=\"noreferrer noopener\">di\u00e1logo \u00e9 o caminho para a resolu\u00e7\u00e3o das guerras<\/a>&nbsp;em curso no mundo. \u201cUm papa que percebia o horror da guerra, que o horror da guerra n\u00e3o \u00e9 solu\u00e7\u00e3o para nada, \u00e9 s\u00f3 fal\u00eancia da humanidade\u201d, disse.<\/p>\n\n\n\n<p><strong>Ao olhar para a pr\u00f3pria Igreja, o religioso trabalhou pelo combate \u00e0 pedofilia dentro da institui\u00e7\u00e3o, pedindo&nbsp;<a href=\"https:\/\/agenciabrasil.ebc.com.br\/internacional\/noticia\/2017-01\/em-carta-aos-bispos-papa-pede-tolerancia-zero-com-pedofilia\" target=\"_blank\" rel=\"noreferrer noopener\">toler\u00e2ncia zero com os abusos<\/a>.<\/strong>&nbsp;Em 2013, Francisco criou a Comiss\u00e3o de Prote\u00e7\u00e3o \u00e0 Crian\u00e7a do Vaticano, a primeira do g\u00eanero. \u201cN\u00e3o tem que ter toler\u00e2ncia nenhuma\u201d, refor\u00e7ou o arcebispo de Bras\u00edlia. \u201cUm papa que deixa sua marca na vida e caminhada da igreja.\u201d<\/p>\n\n\n\n<p>Dom Paulo Cezar Costa foi feito cardeal pelo papa Francisco em 2022, e chegou a convidar o pont\u00edfice para vir a Bras\u00edlia em julho deste ano, na celebra\u00e7\u00e3o dos 65 anos da Arquidiocese da capital e na prepara\u00e7\u00e3o para a 30\u00aa Confer\u00eancia das Na\u00e7\u00f5es Unidas sobre Mudan\u00e7a do Clima (COP30), que ser\u00e1 realizada em novembro, em Bel\u00e9m, no Par\u00e1. \u201cSe tivesse condi\u00e7\u00f5es, tenho certeza de que ele viria\u201d, disse.<\/p>\n\n\n\n<p>\u201cParece que perdemos um pai\u201d, afirmou dom Paulo, lembrando de&nbsp;sua proximidade com Francisco e do esp\u00edrito brincalh\u00e3o do pont\u00edfice, que assumiu a lideran\u00e7a da Igreja Cat\u00f3lica em fevereiro 2013, ap\u00f3s a ren\u00fancia do papa Bento XVI, que faleceu em janeiro de 2023.<\/p>\n\n\n\n<p><strong>Francisco, nome escolhido por ele para seu pontificado, nasceu Jorge Mario Bergoglio, em Buenos Aires, na Argentina, filho de imigrantes italianos<\/strong>. Foi o primeiro papa das Am\u00e9ricas, que, para o cardeal, \u201cserviu a igreja com alegria\u201d.<\/p>\n\n\n\n<blockquote class=\"wp-block-quote is-layout-flow wp-block-quote-is-layout-flow\">\n<p>\u201cUm homem que, eu diria, foi um pai para o mundo, porque apontou para o mundo suas alegrias, mas tamb\u00e9m seus problemas\u201d, disse Dom Paulo.<\/p>\n<\/blockquote>\n\n\n\n<figure class=\"wp-block-image\"><img decoding=\"async\" src=\"https:\/\/imagens.ebc.com.br\/aIk3BzUxzFxeuINmMKeObd8p_So=\/754x0\/smart\/https:\/\/agenciabrasil.ebc.com.br\/sites\/default\/files\/thumbnails\/image\/2025\/04\/21\/21042025-pzzb4310.jpg?itok=pNK7i0JC\" alt=\"Bras\u00edlia (DF) 221\/04\/2025 o arcebispo de Bras\u00edlia, Cardeal Dom Paulo C\u00e9sar, acompanhado dos bispos auxiliares e do Cardeal em\u00e9rito, Dom Raimundo damasceno, durante coletiva sobre a morte do Papa Francisco  Foto: Fabio Rodrigues-Pozzebom\/ Ag\u00eancia Brasil\" title=\"Fabio Rodrigues-Pozzebom\/ Ag\u00eancia Brasil\"\/><\/figure>\n\n\n\n<h6 class=\"wp-block-heading\">Arcebispo de Bras\u00edlia, Cardeal Dom Paulo C\u00e9sar, acompanhado dos bispos auxiliares e do Cardeal em\u00e9rito, Dom Raimundo Damasceno, durante coletiva sobre a morte do papa Francisco&nbsp;<strong>Foto:&nbsp;Fabio Pozzebom\/ Ag\u00eancia Brasil<\/strong><\/h6>\n\n\n\n<h2 class=\"wp-block-heading\">Conclave<\/h2>\n\n\n\n<p><strong>De acordo com&nbsp;o arcebispo de Bras\u00edlia, o funeral do papa Francisco deve ocorrer ao longo da semana, mas o sepultamento deve ser realizado apenas no pr\u00f3ximo fim de semana.<\/strong>&nbsp;Dom Paulo planeja chegar ao Vaticano na sexta-feira (25), para os rituais e, na sequ\u00eancia, seguir para o conclave, evento de escolha do novo papa.<\/p>\n\n\n\n<p><strong>Ap\u00f3s o funeral, o Vaticano passa por um per\u00edodo de luto de nove dias, para que, ent\u00e3o, os cardeais da Igreja Cat\u00f3lica iniciem a primeira parte do conclave<\/strong>, as reuni\u00f5es preparat\u00f3rias para a elei\u00e7\u00e3o. Nessas reuni\u00f5es, todos os cardeais do mundo participam e discutem os problemas da igreja e do mundo atual. A partir dali, come\u00e7a-se a delinear perfis que possam assumir o papel de bispo de Roma, de papa.<\/p>\n\n\n\n<p><strong>Para a segunda parte do conclave, a vota\u00e7\u00e3o na Capela Sistina, participam apenas os cardeais com menos de 80 anos<\/strong>. Segundo dom Paulo, \u00e9 normal que o novo papa seja um dos cardeais que est\u00e3o na capela, mas nada impede que algu\u00e9m que est\u00e1 fora seja eleito.<\/p>\n\n\n\n<blockquote class=\"wp-block-quote is-layout-flow wp-block-quote-is-layout-flow\">\n<p>\u201c\u00c9 uma escolha que vai al\u00e9m do voto meramente humano, \u00e9 tamb\u00e9m uma atitude de f\u00e9\u201d, disse o arcebispo de Bras\u00edlia, afastando qualquer clima de \u201ccompl\u00f4 pol\u00edtico\u201d. \u201cO clima \u00e9 outro, \u00e9 a percep\u00e7\u00e3o que n\u00f3s somos instrumentos na busca por perceber quem \u00e9 o melhor para guiar a Igreja, os 1,4 bilh\u00e3o de cat\u00f3licos no mundo inteiro.\u201d<\/p>\n<\/blockquote>\n\n\n\n<p><strong>O arcebispo em\u00e9rito de Aparecida (SP), dom Raymundo Damasceno Assis, tamb\u00e9m falou na coletiva em Bras\u00edlia, ao lado de Dom Paulo Cezar Costa<\/strong>. O cardeal mineiro, inclusive, participou da escolha do Papa Francisco, em 2013, e, agora, diante da idade avan\u00e7ada (88 anos), estar\u00e1 apenas na primeira parte do conclave.<\/p>\n\n\n\n<p>\u201c[Francisco] deixa um grande legado para a igreja, para que o outro papa&nbsp;eleito&nbsp;dentre os cardeais&nbsp;possa continuar esta miss\u00e3o da igreja que \u00e9, fundamentalmente, o an\u00fancio do evangelho no mundo de hoje, diante de todos os seus desafios\u201d, disse dom Damasceno, afastando a possibilidade de ser eleito o novo papa.<\/p>\n\n\n\n<p>\u201cDif\u00edcil que cardeal em\u00e9rito seja eleito papa. \u00c9 necess\u00e1rio muito mais sa\u00fade, vitalidade e conhecimento de toda a Igreja\u201d, destacou. \u201cIsso, evidentemente est\u00e1 completamente descartado e nem eu desejo, nem espero. Rezo para que Deus inspire os cardeais que v\u00e3o votar e possam escolher aquele que melhor possa servir a igreja e o mundo nos dias de hoje\u201d, acrescentou.<\/p>\n\n\n\n<p><strong>O arcebispo em\u00e9rito lembrou que 80% dos cardeais do col\u00e9gio eleitoral foram criados pelo papa Francisco, que, ao longo do seu pontificado, voltou-se muito para as periferias do mundo<\/strong>. \u201c\u00c9 um col\u00e9gio representado por cardeais de todas as periferias do mundo\u201d, disse.<\/p>\n\n\n\n<p>Por Andreia Verd\u00e9lio \u2013 Rep\u00f3rter da Ag\u00eancia Brasil<\/p>\n\n\n\n<p>Foto  Fabio Rodrigues-Pozzebom\/ Ag\u00eancia Brasil<\/p>\n","protected":false},"excerpt":{"rendered":"<p>Avalia\u00e7\u00e3o \u00e9 do arcebispo de Bras\u00edlia, cardeal Paulo Cezar Vers\u00e3o em \u00e1udio O papa Francisco<\/p>\n","protected":false},"author":2,"featured_media":102890,"comment_status":"open","ping_status":"open","sticky":false,"template":"","format":"standard","meta":{"footnotes":""},"categories":[17],"tags":[],"class_list":["post-102889","post","type-post","status-publish","format-standard","has-post-thumbnail","hentry","category-outras-noticias"],"_links":{"self":[{"href":"https:\/\/tvc16.com\/portal\/wp-json\/wp\/v2\/posts\/102889","targetHints":{"allow":["GET"]}}],"collection":[{"href":"https:\/\/tvc16.com\/portal\/wp-json\/wp\/v2\/posts"}],"about":[{"href":"https:\/\/tvc16.com\/portal\/wp-json\/wp\/v2\/types\/post"}],"author":[{"embeddable":true,"href":"https:\/\/tvc16.com\/portal\/wp-json\/wp\/v2\/users\/2"}],"replies":[{"embeddable":true,"href":"https:\/\/tvc16.com\/portal\/wp-json\/wp\/v2\/comments?post=102889"}],"version-history":[{"count":1,"href":"https:\/\/tvc16.com\/portal\/wp-json\/wp\/v2\/posts\/102889\/revisions"}],"predecessor-version":[{"id":102891,"href":"https:\/\/tvc16.com\/portal\/wp-json\/wp\/v2\/posts\/102889\/revisions\/102891"}],"wp:featuredmedia":[{"embeddable":true,"href":"https:\/\/tvc16.com\/portal\/wp-json\/wp\/v2\/media\/102890"}],"wp:attachment":[{"href":"https:\/\/tvc16.com\/portal\/wp-json\/wp\/v2\/media?parent=102889"}],"wp:term":[{"taxonomy":"category","embeddable":true,"href":"https:\/\/tvc16.com\/portal\/wp-json\/wp\/v2\/categories?post=102889"},{"taxonomy":"post_tag","embeddable":true,"href":"https:\/\/tvc16.com\/portal\/wp-json\/wp\/v2\/tags?post=102889"}],"curies":[{"name":"wp","href":"https:\/\/api.w.org\/{rel}","templated":true}]}}